{"id":28683,"date":"2017-05-16T12:56:30","date_gmt":"2017-05-16T10:56:30","guid":{"rendered":"http:\/\/www.rafal.es\/arros-amb-crosta\/"},"modified":"2017-06-14T08:41:04","modified_gmt":"2017-06-14T06:41:04","slug":"arros-amb-crosta","status":"publish","type":"post","link":"https:\/\/www.rafal.es\/ca\/arros-amb-crosta\/","title":{"rendered":"Arr\u00f2s amb crosta"},"content":{"rendered":"<p>[et_pb_section bb_built=&#8221;1&#8243; admin_label=&#8221;section&#8221; fullwidth=&#8221;on&#8221; specialty=&#8221;off&#8221; background_color=&#8221;#2ea3f2&#8243; inner_shadow=&#8221;off&#8221; parallax=&#8221;off&#8221; transparent_background=&#8221;on&#8221; allow_player_pause=&#8221;off&#8221; parallax_method=&#8221;off&#8221; custom_padding=&#8221;||0px|&#8221; padding_mobile=&#8221;off&#8221; make_fullwidth=&#8221;off&#8221; use_custom_width=&#8221;off&#8221; width_unit=&#8221;on&#8221; make_equal=&#8221;off&#8221; use_custom_gutter=&#8221;off&#8221;][et_pb_fullwidth_header admin_label=&#8221;Fullwidth Header&#8221; background_layout=&#8221;dark&#8221; text_orientation=&#8221;left&#8221; header_fullscreen=&#8221;off&#8221; header_scroll_down=&#8221;off&#8221; parallax=&#8221;off&#8221; parallax_method=&#8221;off&#8221; content_orientation=&#8221;center&#8221; image_orientation=&#8221;center&#8221; custom_button_one=&#8221;off&#8221; button_one_letter_spacing=&#8221;0&#8243; button_one_use_icon=&#8221;default&#8221; button_one_icon_placement=&#8221;right&#8221; button_one_on_hover=&#8221;on&#8221; button_one_letter_spacing_hover=&#8221;0&#8243; custom_button_two=&#8221;off&#8221; button_two_letter_spacing=&#8221;0&#8243; button_two_use_icon=&#8221;default&#8221; button_two_icon_placement=&#8221;right&#8221; button_two_on_hover=&#8221;on&#8221; button_two_letter_spacing_hover=&#8221;0&#8243; \/][\/et_pb_section][et_pb_section bb_built=&#8221;1&#8243; admin_label=&#8221;Secci\u00f3n&#8221; fullwidth=&#8221;off&#8221; specialty=&#8221;off&#8221; transparent_background=&#8221;off&#8221; allow_player_pause=&#8221;off&#8221; inner_shadow=&#8221;off&#8221; parallax=&#8221;off&#8221; parallax_method=&#8221;off&#8221; custom_padding=&#8221;0px|||&#8221; padding_mobile=&#8221;off&#8221; make_fullwidth=&#8221;off&#8221; use_custom_width=&#8221;off&#8221; width_unit=&#8221;on&#8221; make_equal=&#8221;off&#8221; use_custom_gutter=&#8221;off&#8221;][et_pb_row admin_label=&#8221;Fila&#8221;][et_pb_column type=&#8221;1_2&#8243;][et_pb_image admin_label=&#8221;ImgReceta&#8221; show_in_lightbox=&#8221;off&#8221; url_new_window=&#8221;off&#8221; use_overlay=&#8221;off&#8221; animation=&#8221;off&#8221; sticky=&#8221;off&#8221; align=&#8221;left&#8221; force_fullwidth=&#8221;off&#8221; always_center_on_mobile=&#8221;on&#8221; use_border_color=&#8221;off&#8221; border_color=&#8221;#ffffff&#8221; border_style=&#8221;solid&#8221; src=&#8221;http:\/\/www.rafal.es\/wp-content\/uploads\/2017\/04\/arroz_costra.jpg&#8221; \/][\/et_pb_column][et_pb_column type=&#8221;1_2&#8243;][et_pb_text admin_label=&#8221;IngredientesReceta&#8221; background_layout=&#8221;light&#8221; text_orientation=&#8221;left&#8221; use_border_color=&#8221;off&#8221; border_color=&#8221;#ffffff&#8221; border_style=&#8221;solid&#8221;]<strong>Ingredients:<\/strong><\/p>\n<ul>\n<li>Magre de porc.<\/li>\n<li>Llonganisses blanques.<\/li>\n<li>Pit de pollastre de pollastre.<\/li>\n<li>Botifarra de ceba.<\/li>\n<li>Tomaca natural.<\/li>\n<li>Arr\u00f2s i brou de pollastre.<\/li>\n<li>4 ous.<\/li>\n<\/ul>\n<p>[\/et_pb_text][\/et_pb_column][\/et_pb_row][et_pb_row admin_label=&#8221;Fila&#8221;][et_pb_column type=&#8221;4_4&#8243;][et_pb_text admin_label=&#8221;PrepReceta&#8221; background_layout=&#8221;light&#8221; text_orientation=&#8221;justified&#8221; use_border_color=&#8221;off&#8221; border_color=&#8221;#ffffff&#8221; border_style=&#8221;solid&#8221;]<strong>Preparaci\u00f3<\/strong>:<\/p>\n<p>\u2013 Es trosseja la carn a trossets i se sofregeix tot junt, s&#8217;afig la tomaca i es deixa fins que es veu que est\u00e0 tot ben sofregit. Llavors, afegim l&#8217;arr\u00f2s i ho sofregim. Quan ja est\u00e0, afegim el brou i deixem que es consuma el brou. Llavors, batem els ous i els tirem per damunt i ho posem al forn uns minuts fins que veiem que l&#8217;ou ha quallat.<\/p>\n<p>\u2013 I ja est\u00e0, en servir-ho, se serveix com si f\u00f3ra un past\u00eds.[\/et_pb_text][\/et_pb_column][\/et_pb_row][\/et_pb_section][et_pb_section bb_built=&#8221;1&#8243; admin_label=&#8221;Secci\u00f3n&#8221; fullwidth=&#8221;off&#8221; specialty=&#8221;off&#8221;][et_pb_row admin_label=&#8221;Fila&#8221;][et_pb_column type=&#8221;4_4&#8243;][et_pb_post_nav admin_label=&#8221;Navegaci\u00f3n por los mensajes&#8221; in_same_term=&#8221;on&#8221; hide_prev=&#8221;off&#8221; hide_next=&#8221;off&#8221; use_border_color=&#8221;off&#8221; border_color=&#8221;#ffffff&#8221; border_style=&#8221;solid&#8221; \/][\/et_pb_column][\/et_pb_row][\/et_pb_section]<\/p>\n","protected":false},"excerpt":{"rendered":"<p>Ingredients: Magre de porc. Llonganisses blanques. Pit de pollastre de pollastre. Botifarra de ceba. Tomaca natural. Arr\u00f2s i brou de pollastre. 4 ous. Preparaci\u00f3: \u2013 Es trosseja la carn a trossets i se sofregeix tot junt, s&#8217;afig la tomaca i es deixa fins que es veu que est\u00e0 tot ben sofregit. Llavors, afegim l&#8217;arr\u00f2s i [&hellip;]<\/p>\n","protected":false},"author":1,"featured_media":28163,"comment_status":"closed","ping_status":"closed","sticky":false,"template":"","format":"standard","meta":{"pgc_meta":"","_et_pb_use_builder":"on","_et_pb_old_content":"","_et_gb_content_width":"","footnotes":""},"categories":[51],"tags":[],"aioseo_notices":[],"_links":{"self":[{"href":"https:\/\/www.rafal.es\/ca\/wp-json\/wp\/v2\/posts\/28683"}],"collection":[{"href":"https:\/\/www.rafal.es\/ca\/wp-json\/wp\/v2\/posts"}],"about":[{"href":"https:\/\/www.rafal.es\/ca\/wp-json\/wp\/v2\/types\/post"}],"author":[{"embeddable":true,"href":"https:\/\/www.rafal.es\/ca\/wp-json\/wp\/v2\/users\/1"}],"replies":[{"embeddable":true,"href":"https:\/\/www.rafal.es\/ca\/wp-json\/wp\/v2\/comments?post=28683"}],"version-history":[{"count":0,"href":"https:\/\/www.rafal.es\/ca\/wp-json\/wp\/v2\/posts\/28683\/revisions"}],"wp:featuredmedia":[{"embeddable":true,"href":"https:\/\/www.rafal.es\/ca\/wp-json\/wp\/v2\/media\/28163"}],"wp:attachment":[{"href":"https:\/\/www.rafal.es\/ca\/wp-json\/wp\/v2\/media?parent=28683"}],"wp:term":[{"taxonomy":"category","embeddable":true,"href":"https:\/\/www.rafal.es\/ca\/wp-json\/wp\/v2\/categories?post=28683"},{"taxonomy":"post_tag","embeddable":true,"href":"https:\/\/www.rafal.es\/ca\/wp-json\/wp\/v2\/tags?post=28683"}],"curies":[{"name":"wp","href":"https:\/\/api.w.org\/{rel}","templated":true}]}}