{"id":28729,"date":"2017-05-19T08:47:26","date_gmt":"2017-05-19T06:47:26","guid":{"rendered":"http:\/\/www.rafal.es\/comunicacio-de-tall-de-llum\/"},"modified":"2017-05-23T08:50:36","modified_gmt":"2017-05-23T06:50:36","slug":"comunicacio-de-tall-de-llum","status":"publish","type":"post","link":"https:\/\/www.rafal.es\/ca\/comunicacio-de-tall-de-llum\/","title":{"rendered":"COMUNICACI\u00d3 DE TALL DE LLUM"},"content":{"rendered":"<p>Iberdrola ha comunicat, que amb motiu de millorar la qualitat del servei, el pr\u00f2xim sabado, 20 de maig de 2017, quedar\u00e0 interromput temporalment el subministrament el\u00e8ctric en diverses zones de Rafal:<\/p>\n<p>Incid\u00e8ncia. 4217-1354154<\/p>\n<p>Interrupci\u00f3 programada el dia 20\/05\/2017 a les 07:30<\/p>\n<p>Finalitzaci\u00f3 prevista a les 09:29<\/p>\n<p>Subministraments afectats:<\/p>\n<p>Avda LLIBERTAT, 63 1 03369-RAFAL \u2013 ALACANT (\u00c9S0021000001385817VH)<\/p>\n<p>Plza CONSTITUCION, 1 03369-RAFAL \u2013 ALACANT (\u00c9S0021000001385073PX)<\/p>\n<p>Plza CONSTITUCION, 1 , B 03369-RAFAL \u2013 ALACANT (\u00c9S0021000001385075PN)<\/p>\n<p>C\/ DOCTOR MAZON SEVA, 18 03369-RAFAL \u2013 ALACANT (\u00c9S0021000001384870EZ)<\/p>\n<p>C\/ SANT JOAQUIN, 12 03369-RAFAL \u2013 ALACANT (\u00c9S0021000001384606BA)<\/p>\n<p>C\/ DOCTOR MAZON SEVA, 18 , SOTA 03369-RAFAL \u2013 ALACANT (\u00c9S0021000001384869EJ)<\/p>\n<p>C\/ OLIVARES, PROX55 , BAIX , 1 03369-RAFAL \u2013 ALACANT (\u00c9S0021000015726391ZT)<\/p>\n<p>===============================================================<\/p>\n<p>Interrupci\u00f3 programada el dia 20\/05\/2017 a les 15:30<\/p>\n<p>Finalitzaci\u00f3 prevista a les 17:29<\/p>\n<p>Subministraments afectats:<\/p>\n<p>Avda LLIBERTAT, 63 1 03369-RAFAL \u2013 ALACANT (\u00c9S0021000001385817VH)<\/p>\n<p>Plza CONSTITUCION, 1 03369-RAFAL \u2013 ALACANT (\u00c9S0021000001385073PX)<\/p>\n<p>Plza CONSTITUCION, 1 , B 03369-RAFAL \u2013 ALACANT (\u00c9S0021000001385075PN)<\/p>\n<p>C\/ DOCTOR MAZON SEVA, 18 03369-RAFAL \u2013 ALACANT (\u00c9S0021000001384870EZ)<\/p>\n<p>C\/ SANT JOAQUIN, 12 03369-RAFAL \u2013 ALACANT (\u00c9S0021000001384606BA)<\/p>\n<p>C\/ DOCTOR MAZON SEVA, 18 , SOTA 03369-RAFAL \u2013 ALACANT (\u00c9S0021000001384869EJ)<\/p>\n<p>C\/ OLIVARES, PROX55 , BAIX , 1 03369-RAFAL \u2013 ALACANT \u00c9S0021000015726391ZT)<\/p>\n<p>Perqu\u00e8 en prengueu coneixement, l&#8217;hora de \u201cfinalitzaci\u00f3 prevista\u201d \u00e9s orientativa, el subministrament el\u00e8ctric pot ser restablit abans o despr\u00e9s de la mateixa.<\/p>\n","protected":false},"excerpt":{"rendered":"<p>Iberdrola ha comunicat, que amb motiu de millorar la qualitat del servei, el pr\u00f2xim sabado, 20 de maig de 2017, quedar\u00e0 interromput temporalment el subministrament el\u00e8ctric en diverses zones de Rafal: Incid\u00e8ncia. 4217-1354154 Interrupci\u00f3 programada el dia 20\/05\/2017 a les 07:30 Finalitzaci\u00f3 prevista a les 09:29 Subministraments afectats: Avda LLIBERTAT, 63 1 03369-RAFAL \u2013 ALACANT [&hellip;]<\/p>\n","protected":false},"author":1,"featured_media":28726,"comment_status":"closed","ping_status":"closed","sticky":false,"template":"","format":"standard","meta":{"pgc_meta":"","_et_pb_use_builder":"","_et_pb_old_content":"","_et_gb_content_width":"","footnotes":""},"categories":[23,27],"tags":[],"aioseo_notices":[],"_links":{"self":[{"href":"https:\/\/www.rafal.es\/ca\/wp-json\/wp\/v2\/posts\/28729"}],"collection":[{"href":"https:\/\/www.rafal.es\/ca\/wp-json\/wp\/v2\/posts"}],"about":[{"href":"https:\/\/www.rafal.es\/ca\/wp-json\/wp\/v2\/types\/post"}],"author":[{"embeddable":true,"href":"https:\/\/www.rafal.es\/ca\/wp-json\/wp\/v2\/users\/1"}],"replies":[{"embeddable":true,"href":"https:\/\/www.rafal.es\/ca\/wp-json\/wp\/v2\/comments?post=28729"}],"version-history":[{"count":0,"href":"https:\/\/www.rafal.es\/ca\/wp-json\/wp\/v2\/posts\/28729\/revisions"}],"wp:featuredmedia":[{"embeddable":true,"href":"https:\/\/www.rafal.es\/ca\/wp-json\/wp\/v2\/media\/28726"}],"wp:attachment":[{"href":"https:\/\/www.rafal.es\/ca\/wp-json\/wp\/v2\/media?parent=28729"}],"wp:term":[{"taxonomy":"category","embeddable":true,"href":"https:\/\/www.rafal.es\/ca\/wp-json\/wp\/v2\/categories?post=28729"},{"taxonomy":"post_tag","embeddable":true,"href":"https:\/\/www.rafal.es\/ca\/wp-json\/wp\/v2\/tags?post=28729"}],"curies":[{"name":"wp","href":"https:\/\/api.w.org\/{rel}","templated":true}]}}