{"id":28770,"date":"2017-05-23T11:33:47","date_gmt":"2017-05-23T09:33:47","guid":{"rendered":"http:\/\/www.rafal.es\/jornada-informativa-als-usuaris-denergia-electrica\/"},"modified":"2017-05-23T11:33:47","modified_gmt":"2017-05-23T09:33:47","slug":"jornada-informativa-als-usuaris-denergia-electrica","status":"publish","type":"post","link":"https:\/\/www.rafal.es\/ca\/jornada-informativa-als-usuaris-denergia-electrica\/","title":{"rendered":"JORNADA INFORMATIVA ALS USUARIS D&#8217;ENERGIA EL\u00c8CTRICA"},"content":{"rendered":"<p><strong>CANVI DE COMPTADORS EL\u00c8CTRICS<\/strong><\/p>\n<p>Si eres un particular, propietari d&#8217;un xicotet negoci, o una comunitat de propietaris, amb contrao inferior de 15 kw, veuen a informar-te de com t&#8217;afecta la substituci\u00f3 dels comptadors el\u00e8ctrics que s&#8217;est\u00e0 duent a terme en la teua localitat. Tot el que necessites saber.<\/p>\n<p>T&#8217;interessa! Veuen i informa&#8217;t!<\/p>\n<p>Dia: dilluns 13 de febrer de 2017.<\/p>\n<p>Hora: 19:30 hores.<\/p>\n<p>Lloc: Sala d&#8217;Exposicions de l&#8217;Ajuntament de Rafal.<\/p>\n<p>Situat en : Plaza d&#8217;Espanya, n\u00ba 1.<\/p>\n<p>&nbsp;<\/p>\n<p><img loading=\"lazy\" decoding=\"async\" class=\"size-medium wp-image-4238 aligncenter\" src=\"http:\/\/www.rafal.es\/wp-content\/uploads\/2017\/02\/cartel-redes-1-300x207.jpg\" alt=\"cartel redes-1\" width=\"300\" height=\"207\" \/><\/p>\n<p>&nbsp;<\/p>\n<p>&nbsp;<\/p>\n","protected":false},"excerpt":{"rendered":"<p>CANVI DE COMPTADORS EL\u00c8CTRICS Si eres un particular, propietari d&#8217;un xicotet negoci, o una comunitat de propietaris, amb contrao inferior de 15 kw, veuen a informar-te de com t&#8217;afecta la substituci\u00f3 dels comptadors el\u00e8ctrics que s&#8217;est\u00e0 duent a terme en la teua localitat. Tot el que necessites saber. T&#8217;interessa! Veuen i informa&#8217;t! Dia: dilluns 13 [&hellip;]<\/p>\n","protected":false},"author":1,"featured_media":0,"comment_status":"closed","ping_status":"closed","sticky":false,"template":"","format":"standard","meta":{"pgc_meta":"","_et_pb_use_builder":"","_et_pb_old_content":"","_et_gb_content_width":"","footnotes":""},"categories":[27,117],"tags":[],"aioseo_notices":[],"_links":{"self":[{"href":"https:\/\/www.rafal.es\/ca\/wp-json\/wp\/v2\/posts\/28770"}],"collection":[{"href":"https:\/\/www.rafal.es\/ca\/wp-json\/wp\/v2\/posts"}],"about":[{"href":"https:\/\/www.rafal.es\/ca\/wp-json\/wp\/v2\/types\/post"}],"author":[{"embeddable":true,"href":"https:\/\/www.rafal.es\/ca\/wp-json\/wp\/v2\/users\/1"}],"replies":[{"embeddable":true,"href":"https:\/\/www.rafal.es\/ca\/wp-json\/wp\/v2\/comments?post=28770"}],"version-history":[{"count":0,"href":"https:\/\/www.rafal.es\/ca\/wp-json\/wp\/v2\/posts\/28770\/revisions"}],"wp:attachment":[{"href":"https:\/\/www.rafal.es\/ca\/wp-json\/wp\/v2\/media?parent=28770"}],"wp:term":[{"taxonomy":"category","embeddable":true,"href":"https:\/\/www.rafal.es\/ca\/wp-json\/wp\/v2\/categories?post=28770"},{"taxonomy":"post_tag","embeddable":true,"href":"https:\/\/www.rafal.es\/ca\/wp-json\/wp\/v2\/tags?post=28770"}],"curies":[{"name":"wp","href":"https:\/\/api.w.org\/{rel}","templated":true}]}}