{"id":28774,"date":"2017-05-23T11:42:44","date_gmt":"2017-05-23T09:42:44","guid":{"rendered":"http:\/\/www.rafal.es\/cursos-servef\/"},"modified":"2017-05-23T11:42:44","modified_gmt":"2017-05-23T09:42:44","slug":"cursos-servef","status":"publish","type":"post","link":"https:\/\/www.rafal.es\/ca\/cursos-servef\/","title":{"rendered":"CURSOS SERVEF"},"content":{"rendered":"<p style=\"text-align: center;\"><strong>Formaci\u00f3 per a aturats inscrits en el SERVEF<\/strong><\/p>\n<table>\n<tbody>\n<tr>\n<td style=\"width: 175px;\"><strong>MUNICIPI<\/strong><\/td>\n<td style=\"width: 468px;\"><strong>CURSOS SERVEF<\/strong><\/td>\n<\/tr>\n<tr>\n<td style=\"width: 175px;\" rowspan=\"6\">Almorad\u00ed<\/td>\n<td style=\"width: 468px;\">Servicios auxiliares de Est\u00e9tica<\/td>\n<\/tr>\n<tr>\n<td style=\"width: 468px;\">Servicio est\u00e9tico de higiene, depilaci\u00f3n y maquillaje<\/td>\n<\/tr>\n<tr>\n<td style=\"width: 468px;\">Docencia de la formaci\u00f3n profesional para el empleo<\/td>\n<\/tr>\n<tr>\n<td style=\"width: 468px;\">Servicios auxiliares de peluquer\u00eda<\/td>\n<\/tr>\n<tr>\n<td style=\"width: 468px;\">Ingl\u00e9s A2<\/td>\n<\/tr>\n<tr>\n<td style=\"width: 468px;\">Ingl\u00e9s B1<\/td>\n<\/tr>\n<tr>\n<td style=\"width: 175px;\" rowspan=\"7\">Callosa de Segura<\/td>\n<td style=\"width: 468px;\">Actividades de venta<\/td>\n<\/tr>\n<tr>\n<td style=\"width: 468px;\">Confecci\u00f3n y publicaci\u00f3n de p\u00e1ginas web<\/td>\n<\/tr>\n<tr>\n<td style=\"width: 468px;\">Montaje y reparaci\u00f3n de sistemas microinform\u00e1ticos<\/td>\n<\/tr>\n<tr>\n<td style=\"width: 468px;\">Operaciones auxiliares de montaje y mantenimiento de sistemas microinform\u00e1ticos<\/td>\n<\/tr>\n<tr>\n<td style=\"width: 468px;\">Atenci\u00f3n sociosanitaria a personas en el domicilio<\/td>\n<\/tr>\n<tr>\n<td style=\"width: 468px;\">Atenci\u00f3n sociosanitaria a personas dependientes en instituciones sociales<\/td>\n<\/tr>\n<tr>\n<td style=\"width: 468px;\">Limpieza de superficies y mobiliario en edificios y locales<\/td>\n<\/tr>\n<tr>\n<td style=\"width: 175px;\" rowspan=\"3\">Guardamar del Segura<\/td>\n<td style=\"width: 468px;\">Alem\u00e1n: atenci\u00f3n al p\u00fablico<\/td>\n<\/tr>\n<tr>\n<td style=\"width: 468px;\">Ingl\u00e9s: atenci\u00f3n al p\u00fablico<\/td>\n<\/tr>\n<tr>\n<td style=\"width: 468px;\">Instalaci\u00f3n y mantenimiento de jardines y zonas verdes<\/td>\n<\/tr>\n<tr>\n<td style=\"width: 175px;\">Formentera del Sergura<\/td>\n<td style=\"width: 468px;\">Ingl\u00e9s A1<\/td>\n<\/tr>\n<tr>\n<td style=\"width: 175px;\" rowspan=\"5\">Dolores<\/td>\n<td style=\"width: 468px;\">Aplicador de productos fitosanitario (plaguicidas)<\/td>\n<\/tr>\n<tr>\n<td style=\"width: 468px;\">Actividades Administrativas<\/td>\n<\/tr>\n<tr>\n<td style=\"width: 468px;\">Atenci\u00f3n Sociosanitaria<\/td>\n<\/tr>\n<tr>\n<td style=\"width: 468px;\">Jardiner\u00eda y restauraci\u00f3n del paisaje<\/td>\n<\/tr>\n<tr>\n<td style=\"width: 468px;\">Actividades auxiliares en jardines y viveros<\/td>\n<\/tr>\n<tr>\n<td style=\"width: 175px;\" rowspan=\"2\">Los Montesinos<\/td>\n<td style=\"width: 468px;\">Marketing y compraventa internacional<\/td>\n<\/tr>\n<tr>\n<td style=\"width: 468px;\">Control fitosanitario<\/td>\n<\/tr>\n<tr>\n<td style=\"width: 175px;\" rowspan=\"2\">Benej\u00fazar<\/td>\n<td style=\"width: 468px;\">Dinamizaci\u00f3n de Actividades de Tiempo Libre<\/td>\n<\/tr>\n<tr>\n<td style=\"width: 468px;\">Control fitosanitario<\/td>\n<\/tr>\n<tr>\n<td style=\"width: 175px;\" rowspan=\"5\">Orihuela<\/td>\n<td style=\"width: 468px;\">Administraci\u00f3n de Servicios de Internet<\/td>\n<\/tr>\n<tr>\n<td style=\"width: 468px;\">Dinamizaci\u00f3n comunitaria<\/td>\n<\/tr>\n<tr>\n<td style=\"width: 468px;\">Oper. Auxiliares. de Servicios Administrativos y generales<\/td>\n<\/tr>\n<tr>\n<td style=\"width: 468px;\">Ruso: atenci\u00f3n al p\u00fablico<\/td>\n<\/tr>\n<tr>\n<td style=\"width: 468px;\">Creaci\u00f3n y gesti\u00f3n de empresas<\/td>\n<\/tr>\n<tr>\n<td style=\"width: 175px;\" rowspan=\"5\">Redov\u00e1n<\/td>\n<td style=\"width: 468px;\">Montaje y mantenimiento de instalaciones solares fotovoltaicas<\/td>\n<\/tr>\n<tr>\n<td style=\"width: 468px;\">Operaciones auxiliares de montaje de instalaciones electrot\u00e9cnicas y de telecomunicaciones<\/td>\n<\/tr>\n<tr>\n<td style=\"width: 468px;\">Promoci\u00f3n tur\u00edstica local e informaci\u00f3n al visitante<\/td>\n<\/tr>\n<tr>\n<td style=\"width: 468px;\">Pavimentos y alba\u00f1iler\u00eda de urbanizaci\u00f3n<\/td>\n<\/tr>\n<tr>\n<td style=\"width: 468px;\">Organizaci\u00f3n y gesti\u00f3n de almacenes<\/td>\n<\/tr>\n<\/tbody>\n<\/table>\n<p>&nbsp;<\/p>\n<p>Si vols m\u00e9s informaci\u00f3 o est\u00e0s interessat a inscriure&#8217;t pots fer-ho a trav\u00e9s de la p\u00e0gina web del SERVEF www.servef.gva.es en l&#8217;enlla\u00e7 de Autoservef o presenta&#8217;t en l&#8217;Ajuntament amb el DARDE I DNI abans del 3 de gener de 2017.<\/p>\n","protected":false},"excerpt":{"rendered":"<p>Formaci\u00f3 per a aturats inscrits en el SERVEF MUNICIPI CURSOS SERVEF Almorad\u00ed Servicios auxiliares de Est\u00e9tica Servicio est\u00e9tico de higiene, depilaci\u00f3n y maquillaje Docencia de la formaci\u00f3n profesional para el empleo Servicios auxiliares de peluquer\u00eda Ingl\u00e9s A2 Ingl\u00e9s B1 Callosa de Segura Actividades de venta Confecci\u00f3n y publicaci\u00f3n de p\u00e1ginas web Montaje y reparaci\u00f3n de [&hellip;]<\/p>\n","protected":false},"author":1,"featured_media":0,"comment_status":"closed","ping_status":"closed","sticky":false,"template":"","format":"standard","meta":{"pgc_meta":"","_et_pb_use_builder":"","_et_pb_old_content":"","_et_gb_content_width":"","footnotes":""},"categories":[27,113],"tags":[],"aioseo_notices":[],"_links":{"self":[{"href":"https:\/\/www.rafal.es\/ca\/wp-json\/wp\/v2\/posts\/28774"}],"collection":[{"href":"https:\/\/www.rafal.es\/ca\/wp-json\/wp\/v2\/posts"}],"about":[{"href":"https:\/\/www.rafal.es\/ca\/wp-json\/wp\/v2\/types\/post"}],"author":[{"embeddable":true,"href":"https:\/\/www.rafal.es\/ca\/wp-json\/wp\/v2\/users\/1"}],"replies":[{"embeddable":true,"href":"https:\/\/www.rafal.es\/ca\/wp-json\/wp\/v2\/comments?post=28774"}],"version-history":[{"count":0,"href":"https:\/\/www.rafal.es\/ca\/wp-json\/wp\/v2\/posts\/28774\/revisions"}],"wp:attachment":[{"href":"https:\/\/www.rafal.es\/ca\/wp-json\/wp\/v2\/media?parent=28774"}],"wp:term":[{"taxonomy":"category","embeddable":true,"href":"https:\/\/www.rafal.es\/ca\/wp-json\/wp\/v2\/categories?post=28774"},{"taxonomy":"post_tag","embeddable":true,"href":"https:\/\/www.rafal.es\/ca\/wp-json\/wp\/v2\/tags?post=28774"}],"curies":[{"name":"wp","href":"https:\/\/api.w.org\/{rel}","templated":true}]}}