{"id":28784,"date":"2017-05-23T11:54:21","date_gmt":"2017-05-23T09:54:21","guid":{"rendered":"http:\/\/www.rafal.es\/donacio-de-sang\/"},"modified":"2017-05-23T11:54:21","modified_gmt":"2017-05-23T09:54:21","slug":"donacio-de-sang","status":"publish","type":"post","link":"https:\/\/www.rafal.es\/ca\/donacio-de-sang\/","title":{"rendered":"DONACI\u00d3 DE SANG"},"content":{"rendered":"<p>Aquest dimarts, 20 de desembre de 2016, el Centre de Transfusi\u00f3 de la Comunitat Valenciana s&#8217;instal\u00b7lar\u00e0 en la sala d&#8217;exposicions de l&#8217;Ajuntament de Rafal, en la calle pla\u00e7a d&#8217;Espanya, n\u00ba 1, de 17:00 a 20:30 h. per a facilitar la donaci\u00f3 de sang als ve\u00efns de Rafal interessats.<\/p>\n<p>La donaci\u00f3 de sang \u00e9s un acte que va a permetre millorar la qualitat de vida o fins i tot salvar la vida d&#8217;altres persones. Aquesta acci\u00f3, no suposa risc algun per al donant, que ha de reunir una s\u00e8rie de condicions, trobant-se en tot moment sota supervisi\u00f3 m\u00e8dica qualificada i at\u00e8s durant el proc\u00e9s per personal d&#8217;infermeria. Uns pocs minuts del nostre temps poden representar anys de vida per a una altra persona.<\/p>\n<p>El Centre de Trasfusiones de la Generalitat Valenciana recorda que la donaci\u00f3 no ha d&#8217;estar vinculada a situacions de trag\u00e8dia o d&#8217;emerg\u00e8ncia sin\u00f3 que ha de ser un acte quotidi\u00e0 i habitual en les nostres vides. Nom\u00e9s donant sang amb regularitat, disposarem sempre de sang suficient i segura en estoc.<\/p>\n<p>Durant les 24 hores anteriors a la donaci\u00f3 procure prendre m\u00e9s l\u00edquids de l&#8217;habitual i no acudisca en dej\u00fa.<\/p>\n<p>D\u00f3na sang i participa en el sorteig d&#8217;un lot de joguets:<\/p>\n<p>Barriguitas.<br \/>\nForn m\u00e0gic.<br \/>\nRescat del naufragi.<br \/>\nSer donant no passa de moda.<\/p>\n<p>D\u00f3na sang, salva 3 vides.<\/p>\n<p><strong>GR\u00c0CIES A LA TEUA DONACI\u00d3 DE SANG, AQUESTES FESTES SERAN ESPECIALS PER A ALG\u00da.<\/strong><\/p>\n<p>&nbsp;<\/p>\n<p><img loading=\"lazy\" decoding=\"async\" class=\"size-medium wp-image-4133 aligncenter\" src=\"http:\/\/www.rafal.es\/wp-content\/uploads\/2016\/12\/20-RAFAL-212x300.jpg\" alt=\"20-rafal\" width=\"212\" height=\"300\" \/><\/p>\n<p>&nbsp;<\/p>\n","protected":false},"excerpt":{"rendered":"<p>Aquest dimarts, 20 de desembre de 2016, el Centre de Transfusi\u00f3 de la Comunitat Valenciana s&#8217;instal\u00b7lar\u00e0 en la sala d&#8217;exposicions de l&#8217;Ajuntament de Rafal, en la calle pla\u00e7a d&#8217;Espanya, n\u00ba 1, de 17:00 a 20:30 h. per a facilitar la donaci\u00f3 de sang als ve\u00efns de Rafal interessats. La donaci\u00f3 de sang \u00e9s un acte [&hellip;]<\/p>\n","protected":false},"author":1,"featured_media":0,"comment_status":"closed","ping_status":"closed","sticky":false,"template":"","format":"standard","meta":{"pgc_meta":"","_et_pb_use_builder":"","_et_pb_old_content":"","_et_gb_content_width":"","footnotes":""},"categories":[27,117],"tags":[],"aioseo_notices":[],"_links":{"self":[{"href":"https:\/\/www.rafal.es\/ca\/wp-json\/wp\/v2\/posts\/28784"}],"collection":[{"href":"https:\/\/www.rafal.es\/ca\/wp-json\/wp\/v2\/posts"}],"about":[{"href":"https:\/\/www.rafal.es\/ca\/wp-json\/wp\/v2\/types\/post"}],"author":[{"embeddable":true,"href":"https:\/\/www.rafal.es\/ca\/wp-json\/wp\/v2\/users\/1"}],"replies":[{"embeddable":true,"href":"https:\/\/www.rafal.es\/ca\/wp-json\/wp\/v2\/comments?post=28784"}],"version-history":[{"count":0,"href":"https:\/\/www.rafal.es\/ca\/wp-json\/wp\/v2\/posts\/28784\/revisions"}],"wp:attachment":[{"href":"https:\/\/www.rafal.es\/ca\/wp-json\/wp\/v2\/media?parent=28784"}],"wp:term":[{"taxonomy":"category","embeddable":true,"href":"https:\/\/www.rafal.es\/ca\/wp-json\/wp\/v2\/categories?post=28784"},{"taxonomy":"post_tag","embeddable":true,"href":"https:\/\/www.rafal.es\/ca\/wp-json\/wp\/v2\/tags?post=28784"}],"curies":[{"name":"wp","href":"https:\/\/api.w.org\/{rel}","templated":true}]}}