{"id":28824,"date":"2017-05-23T12:39:00","date_gmt":"2017-05-23T10:39:00","guid":{"rendered":"http:\/\/www.rafal.es\/gran-carrera-ciclista-festes-de-rafal-2016\/"},"modified":"2017-05-23T12:39:00","modified_gmt":"2017-05-23T10:39:00","slug":"gran-carrera-ciclista-festes-de-rafal-2016","status":"publish","type":"post","link":"https:\/\/www.rafal.es\/ca\/gran-carrera-ciclista-festes-de-rafal-2016\/","title":{"rendered":"GRAN CARRERA CICLISTA FESTES DE RAFAL 2016"},"content":{"rendered":"<p>Aquest diumenge 2 d&#8217;octubre no et perdes la carrera ciclista, que tindr\u00e0 lloc a les 10:30 hores.<\/p>\n<p>Lloc d&#8217;inscripci\u00f3 i eixida en la Pla\u00e7a de l&#8217;Ajuntament.<\/p>\n<p>Amb l&#8217;organitzaci\u00f3 del Club Ciclista Callos\u00ed. Agrair l&#8217;ajuda de protecci\u00f3 civil, Creu Roja, Policia Local, Gu\u00e0rdia Civil i ajuntaments per on discorre la carrera.<\/p>\n<p>Agra\u00efments tamb\u00e9 a totes les signatures comercials.<\/p>\n<p><strong>A pedalear!<\/strong><\/p>\n<div class=\"text_exposed_show\">\n<p><img loading=\"lazy\" decoding=\"async\" class=\"size-medium wp-image-3995 aligncenter\" src=\"http:\/\/www.rafal.es\/wp-content\/uploads\/2016\/09\/14441202_1192385234156381_4267298061053768598_n-217x300.jpg\" alt=\"14441202_1192385234156381_4267298061053768598_n\" width=\"217\" height=\"300\" \/><\/p>\n<\/div>\n<p>&nbsp;<\/p>\n","protected":false},"excerpt":{"rendered":"<p>Aquest diumenge 2 d&#8217;octubre no et perdes la carrera ciclista, que tindr\u00e0 lloc a les 10:30 hores. Lloc d&#8217;inscripci\u00f3 i eixida en la Pla\u00e7a de l&#8217;Ajuntament. Amb l&#8217;organitzaci\u00f3 del Club Ciclista Callos\u00ed. Agrair l&#8217;ajuda de protecci\u00f3 civil, Creu Roja, Policia Local, Gu\u00e0rdia Civil i ajuntaments per on discorre la carrera. Agra\u00efments tamb\u00e9 a totes les [&hellip;]<\/p>\n","protected":false},"author":1,"featured_media":0,"comment_status":"closed","ping_status":"closed","sticky":false,"template":"","format":"standard","meta":{"pgc_meta":"","_et_pb_use_builder":"","_et_pb_old_content":"","_et_gb_content_width":"","footnotes":""},"categories":[27,74],"tags":[],"aioseo_notices":[],"_links":{"self":[{"href":"https:\/\/www.rafal.es\/ca\/wp-json\/wp\/v2\/posts\/28824"}],"collection":[{"href":"https:\/\/www.rafal.es\/ca\/wp-json\/wp\/v2\/posts"}],"about":[{"href":"https:\/\/www.rafal.es\/ca\/wp-json\/wp\/v2\/types\/post"}],"author":[{"embeddable":true,"href":"https:\/\/www.rafal.es\/ca\/wp-json\/wp\/v2\/users\/1"}],"replies":[{"embeddable":true,"href":"https:\/\/www.rafal.es\/ca\/wp-json\/wp\/v2\/comments?post=28824"}],"version-history":[{"count":0,"href":"https:\/\/www.rafal.es\/ca\/wp-json\/wp\/v2\/posts\/28824\/revisions"}],"wp:attachment":[{"href":"https:\/\/www.rafal.es\/ca\/wp-json\/wp\/v2\/media?parent=28824"}],"wp:term":[{"taxonomy":"category","embeddable":true,"href":"https:\/\/www.rafal.es\/ca\/wp-json\/wp\/v2\/categories?post=28824"},{"taxonomy":"post_tag","embeddable":true,"href":"https:\/\/www.rafal.es\/ca\/wp-json\/wp\/v2\/tags?post=28824"}],"curies":[{"name":"wp","href":"https:\/\/api.w.org\/{rel}","templated":true}]}}