{"id":28832,"date":"2017-05-23T12:53:43","date_gmt":"2017-05-23T10:53:43","guid":{"rendered":"http:\/\/www.rafal.es\/campionat-de-rebrega-masculi\/"},"modified":"2017-05-23T12:53:43","modified_gmt":"2017-05-23T10:53:43","slug":"campionat-de-rebrega-masculi","status":"publish","type":"post","link":"https:\/\/www.rafal.es\/ca\/campionat-de-rebrega-masculi\/","title":{"rendered":"CAMPIONAT DE REBREGA MASCUL\u00cd"},"content":{"rendered":"<p>Diumenge que ve dia 25 de setembre de 2016 se celebrar\u00e0 el Campionat del Rebrega Mascul\u00ed Festes de Rafal.<\/p>\n<p>A les 10:00 hores.<\/p>\n<p>En el Poliesportiu Municipal.<\/p>\n<p>Cridada a tots els fidels del Rebrega.<\/p>\n<p>&nbsp;<\/p>\n<p><img loading=\"lazy\" decoding=\"async\" class=\"size-medium wp-image-3973 aligncenter\" src=\"http:\/\/www.rafal.es\/wp-content\/uploads\/2016\/09\/estruja-redes-300x212.jpg\" alt=\"estruja-redes\" width=\"300\" height=\"212\" \/><\/p>\n<p>&nbsp;<\/p>\n","protected":false},"excerpt":{"rendered":"<p>Diumenge que ve dia 25 de setembre de 2016 se celebrar\u00e0 el Campionat del Rebrega Mascul\u00ed Festes de Rafal. A les 10:00 hores. En el Poliesportiu Municipal. Cridada a tots els fidels del Rebrega. &nbsp; &nbsp;<\/p>\n","protected":false},"author":1,"featured_media":0,"comment_status":"closed","ping_status":"closed","sticky":false,"template":"","format":"standard","meta":{"pgc_meta":"","_et_pb_use_builder":"","_et_pb_old_content":"","_et_gb_content_width":"","footnotes":""},"categories":[27,74],"tags":[],"aioseo_notices":[],"_links":{"self":[{"href":"https:\/\/www.rafal.es\/ca\/wp-json\/wp\/v2\/posts\/28832"}],"collection":[{"href":"https:\/\/www.rafal.es\/ca\/wp-json\/wp\/v2\/posts"}],"about":[{"href":"https:\/\/www.rafal.es\/ca\/wp-json\/wp\/v2\/types\/post"}],"author":[{"embeddable":true,"href":"https:\/\/www.rafal.es\/ca\/wp-json\/wp\/v2\/users\/1"}],"replies":[{"embeddable":true,"href":"https:\/\/www.rafal.es\/ca\/wp-json\/wp\/v2\/comments?post=28832"}],"version-history":[{"count":0,"href":"https:\/\/www.rafal.es\/ca\/wp-json\/wp\/v2\/posts\/28832\/revisions"}],"wp:attachment":[{"href":"https:\/\/www.rafal.es\/ca\/wp-json\/wp\/v2\/media?parent=28832"}],"wp:term":[{"taxonomy":"category","embeddable":true,"href":"https:\/\/www.rafal.es\/ca\/wp-json\/wp\/v2\/categories?post=28832"},{"taxonomy":"post_tag","embeddable":true,"href":"https:\/\/www.rafal.es\/ca\/wp-json\/wp\/v2\/tags?post=28832"}],"curies":[{"name":"wp","href":"https:\/\/api.w.org\/{rel}","templated":true}]}}