{"id":29644,"date":"2018-02-15T18:30:16","date_gmt":"2018-02-15T17:30:16","guid":{"rendered":"http:\/\/www.rafal.es\/?p=29644"},"modified":"2018-04-18T18:30:49","modified_gmt":"2018-04-18T16:30:49","slug":"rafal-rojales-i-sant-isidre-acolliran-les-audicions-de-lalumnat-del-conservatori-superior-de-musica-dalacant","status":"publish","type":"post","link":"https:\/\/www.rafal.es\/ca\/rafal-rojales-i-sant-isidre-acolliran-les-audicions-de-lalumnat-del-conservatori-superior-de-musica-dalacant\/","title":{"rendered":"Rafal, Rojales i Sant Isidre acolliran les audicions de l&#8217;alumnat del Conservatori Superior de M\u00fasica d&#8217;Alacant"},"content":{"rendered":"<p>Alumnes del Conservatori Superior de M\u00fasica &#8220;\u00d3scar Espl\u00e1&#8221; d&#8217;Alacant realitzaran distintes actuacions durant els pr\u00f2xims mesos en els auditoris de Rafal, Rojales i Sant Isidre, en virtut al conveni firmat este mateix mat\u00ed pels seus alcaldes, el rafale\u00f1o Manuel Pineda, Antonio P\u00e9rez de Rojales, i Dami\u00e1n Sabater de Sant Isidre, amb el director de la instituci\u00f3 musical, Jos\u00e9 Vicente Asensi.<\/p>\n<p>Este acord t\u00e9 una doble vessant, per un costat enriquir\u00e0 la programaci\u00f3 cultural dels municipis firmants, que es veuran beneficiats per les actuacions de grups camer\u00edstics, l&#8217;Orquestra Simf\u00f2nica i la Banda Simf\u00f2nica del Conservatori alacant\u00ed, mentres que d&#8217;un altre, complix un segon objectiu que beneficia en este cas als m\u00fasics, titulats superiors en Ensenyances Art\u00edstiques de la M\u00fasica, que tindran l&#8217;oportunitat de realitzar actuacions en contacte directe amb el p\u00fablic.<\/p>\n<p>El conveni ha sigut rubricat en Rafal, un municipi que tal com ha recordat el seu alcalde, Manuel Pineda, &#8220;adquiri\u00f3 fa uns mesos per part de l&#8217;Ajuntament, un piano per a l&#8217;Auditori Municipal a fi de poder acollir este tipus d&#8217;actuacions que sens dubte potenciaran el desenrotllament cultural dels ve\u00efns i ve\u00efnes de Rafal, que \u00e9s una altra de les nostres metas&#8221;.<\/p>\n<p>Pineda ha sigut l&#8217;encarregat de donar la benvinguda al director del Conservatori Superior de M\u00fasica &#8216;\u00d3scar Espl\u00e1&#8217; d&#8217;Alacant junt amb els regidors de Sant Isidre i Rojales. D&#8217;esta manera ha destacat la gran aportaci\u00f3 que a trav\u00e9s d&#8217;este conveni es realitzar\u00e0 en les seues localitats, tenint l&#8217;oportunitat de comptar amb grans professionals de la m\u00fasica &#8220;que sens dubte veurem actuar en grans auditoris en uns anys i podrem dir orgullosos, que vam tindre l&#8217;oportunitat de disfrutar dels seus inicis en els nostres pueblos&#8221;, ha assegurat Pineda. Esta r\u00fabrica ha sigut possibilitada amb la col\u00b7laboraci\u00f3 del rafale\u00f1o Sixto Herrero, catedr\u00e0tic del Conservatori Superior de M\u00fasica d&#8217;Alacant i director de l&#8217;Orquestra Ciutat d&#8217;Orihuela (OCO) .<\/p>\n","protected":false},"excerpt":{"rendered":"<p>Alumnes del Conservatori Superior de M\u00fasica &#8220;\u00d3scar Espl\u00e1&#8221; d&#8217;Alacant realitzaran distintes actuacions durant els pr\u00f2xims mesos en els auditoris de Rafal, Rojales i Sant Isidre, en virtut al conveni firmat este mateix mat\u00ed pels seus alcaldes, el rafale\u00f1o Manuel Pineda, Antonio P\u00e9rez de Rojales, i Dami\u00e1n Sabater de Sant Isidre, amb el director de la [&hellip;]<\/p>\n","protected":false},"author":1,"featured_media":29639,"comment_status":"closed","ping_status":"closed","sticky":false,"template":"","format":"standard","meta":{"pgc_meta":"","_et_pb_use_builder":"","_et_pb_old_content":"","_et_gb_content_width":"","footnotes":""},"categories":[27],"tags":[128,138,139],"aioseo_notices":[],"_links":{"self":[{"href":"https:\/\/www.rafal.es\/ca\/wp-json\/wp\/v2\/posts\/29644"}],"collection":[{"href":"https:\/\/www.rafal.es\/ca\/wp-json\/wp\/v2\/posts"}],"about":[{"href":"https:\/\/www.rafal.es\/ca\/wp-json\/wp\/v2\/types\/post"}],"author":[{"embeddable":true,"href":"https:\/\/www.rafal.es\/ca\/wp-json\/wp\/v2\/users\/1"}],"replies":[{"embeddable":true,"href":"https:\/\/www.rafal.es\/ca\/wp-json\/wp\/v2\/comments?post=29644"}],"version-history":[{"count":0,"href":"https:\/\/www.rafal.es\/ca\/wp-json\/wp\/v2\/posts\/29644\/revisions"}],"wp:featuredmedia":[{"embeddable":true,"href":"https:\/\/www.rafal.es\/ca\/wp-json\/wp\/v2\/media\/29639"}],"wp:attachment":[{"href":"https:\/\/www.rafal.es\/ca\/wp-json\/wp\/v2\/media?parent=29644"}],"wp:term":[{"taxonomy":"category","embeddable":true,"href":"https:\/\/www.rafal.es\/ca\/wp-json\/wp\/v2\/categories?post=29644"},{"taxonomy":"post_tag","embeddable":true,"href":"https:\/\/www.rafal.es\/ca\/wp-json\/wp\/v2\/tags?post=29644"}],"curies":[{"name":"wp","href":"https:\/\/api.w.org\/{rel}","templated":true}]}}