{"id":30221,"date":"2018-06-02T09:30:20","date_gmt":"2018-06-02T07:30:20","guid":{"rendered":"http:\/\/www.rafal.es\/?p=30221"},"modified":"2018-06-01T07:14:12","modified_gmt":"2018-06-01T05:14:12","slug":"el-ple-de-rafal-modifica-lordenanca-fiscal-per-a-rebaixar-un-50-el-rebut-de-libi-a-les-families-monoparentals","status":"publish","type":"post","link":"https:\/\/www.rafal.es\/ca\/el-ple-de-rafal-modifica-lordenanca-fiscal-per-a-rebaixar-un-50-el-rebut-de-libi-a-les-families-monoparentals\/","title":{"rendered":"El Ple de Rafal modifica l&#8217;Ordenan\u00e7a Fiscal per a rebaixar un 50% el rebut de l&#8217;IBI a les fam\u00edlies monoparentals"},"content":{"rendered":"<div class=\"cos\">\n<div class=\"bloques\">\n<div class=\"columnaderecha\">\n<div id=\"response\">Rafal reduir\u00e0 un 50% l&#8217;IBI a les fam\u00edlies monoparentals. La mesura, aprovada en l&#8217;\u00faltim Ple Extraordinari, modifica l&#8217;Ordenan\u00e7a Fiscal relativa a aquest impost per a beneficiar als ve\u00efns i ve\u00efnes en aquesta situaci\u00f3. La bonificaci\u00f3 s&#8217;aplicar\u00e0 a l&#8217;habitatge de resid\u00e8ncia habitual i on el beneficiat estiga empadronat. Per a accedir a aquesta rebaixa els sol\u00b7licitants hauran de complir les condicions i realitzar els tr\u00e0mits pertinents en les depend\u00e8ncies del Consistori. La bonificaci\u00f3, a m\u00e9s, ser\u00e0 compatible amb el descompte establit per als Habitatges protegits (VPO) en cas que la persona demandant reunira ambdues caracter\u00edstiques. La regidora d&#8217;Hisenda, Silvia Pastor, ha indicat que \u201caquesta mesura t\u00e9 com a objectiu donar facilitats i contribuir a millorar la qualitat de vida de les fam\u00edlies monoparentals\u201d. Al mateix temps ha assenyalat que \u201chem volgut que igual que posseeixen retribucions en altres \u00e0mbits tamb\u00e9 les tinguen en el seu entorn m\u00e9s proper, el nostre municipi.\u201d<\/div>\n<div><\/div>\n<div>Els ve\u00efns que vulguen accedir a la bonificaci\u00f3 hauran de realitzar els tr\u00e0mits i complir els requisits detallats en l&#8217;ordenan\u00e7a. Entre aquests requisits es detalla que el descendent siga menor de 21 anys, encara que es podr\u00e0 ampliar als 25 si es cursen estudis universitaris o de formaci\u00f3 professional de grau superior. Podran optar tamb\u00e9 aquelles unitats familiars en les quals algun dels membres posse\u00efsca una discapacitat igual o superior al 33% o tinga una incapacitat reconeguda per a treballar independentment de l&#8217;edat. Tamb\u00e9 ser\u00e0 indispensable que el fill o filla convisca amb l&#8217;ascendent i que depenga econ\u00f2micament d&#8217;ell. Els tr\u00e0mits de sol\u00b7licitud es realitzaran en l&#8217;ajuntament de Rafal i per a a\u00e7\u00f2 ser\u00e0 necessari aportar tota la documentaci\u00f3 que acredite el compliment dels requisits detallats. Des del Consistori resoldran i atendran tots els dubtes que els sol\u00b7licitants puguen tenir durant el proc\u00e9s administratiu o expedici\u00f3 de documents acreditatius.<\/div>\n<div><\/div>\n<div>Pastor ha insistit que \u201caquesta rebaixa \u00e9s un pas m\u00e9s que demostra que des del Consistori el m\u00e9s important \u00e9s el benestar dels ciutadans. Tamb\u00e9 demostra la rellev\u00e0ncia que els valors socials tenen per a aquest equip de govern, ja que s\u00f3n el futur en qualsevol \u00e0mbit o projecte\u201d. Tamb\u00e9 ha ressaltat que \u201camb aquest nou tr\u00e0mit es continua amb les rebaixes, ja que anteriorment tamb\u00e9 es van aplicar a les fam\u00edlies nombroses\u201d.<\/div>\n<\/div>\n<\/div>\n<\/div>\n<div id=\"_atssh\"><\/div>\n","protected":false},"excerpt":{"rendered":"<p>Rafal reduir\u00e0 un 50% l&#8217;IBI a les fam\u00edlies monoparentals. La mesura, aprovada en l&#8217;\u00faltim Ple Extraordinari, modifica l&#8217;Ordenan\u00e7a Fiscal relativa a aquest impost per a beneficiar als ve\u00efns i ve\u00efnes en aquesta situaci\u00f3. La bonificaci\u00f3 s&#8217;aplicar\u00e0 a l&#8217;habitatge de resid\u00e8ncia habitual i on el beneficiat estiga empadronat. Per a accedir a aquesta rebaixa els sol\u00b7licitants [&hellip;]<\/p>\n","protected":false},"author":1,"featured_media":30218,"comment_status":"closed","ping_status":"closed","sticky":false,"template":"","format":"standard","meta":{"pgc_meta":"","_et_pb_use_builder":"","_et_pb_old_content":"","_et_gb_content_width":"","footnotes":""},"categories":[27,86],"tags":[],"aioseo_notices":[],"_links":{"self":[{"href":"https:\/\/www.rafal.es\/ca\/wp-json\/wp\/v2\/posts\/30221"}],"collection":[{"href":"https:\/\/www.rafal.es\/ca\/wp-json\/wp\/v2\/posts"}],"about":[{"href":"https:\/\/www.rafal.es\/ca\/wp-json\/wp\/v2\/types\/post"}],"author":[{"embeddable":true,"href":"https:\/\/www.rafal.es\/ca\/wp-json\/wp\/v2\/users\/1"}],"replies":[{"embeddable":true,"href":"https:\/\/www.rafal.es\/ca\/wp-json\/wp\/v2\/comments?post=30221"}],"version-history":[{"count":0,"href":"https:\/\/www.rafal.es\/ca\/wp-json\/wp\/v2\/posts\/30221\/revisions"}],"wp:featuredmedia":[{"embeddable":true,"href":"https:\/\/www.rafal.es\/ca\/wp-json\/wp\/v2\/media\/30218"}],"wp:attachment":[{"href":"https:\/\/www.rafal.es\/ca\/wp-json\/wp\/v2\/media?parent=30221"}],"wp:term":[{"taxonomy":"category","embeddable":true,"href":"https:\/\/www.rafal.es\/ca\/wp-json\/wp\/v2\/categories?post=30221"},{"taxonomy":"post_tag","embeddable":true,"href":"https:\/\/www.rafal.es\/ca\/wp-json\/wp\/v2\/tags?post=30221"}],"curies":[{"name":"wp","href":"https:\/\/api.w.org\/{rel}","templated":true}]}}