{"id":30902,"date":"2018-09-12T16:37:50","date_gmt":"2018-09-12T14:37:50","guid":{"rendered":"http:\/\/www.rafal.es\/?p=30902"},"modified":"2018-09-12T16:37:50","modified_gmt":"2018-09-12T14:37:50","slug":"rafal-acull-la-viii-ruta-de-la-tapa-amb-lobjectiu-de-promocionar-lactivitat-dhostaleria-en-el-municipi","status":"publish","type":"post","link":"https:\/\/www.rafal.es\/ca\/rafal-acull-la-viii-ruta-de-la-tapa-amb-lobjectiu-de-promocionar-lactivitat-dhostaleria-en-el-municipi\/","title":{"rendered":"Rafal acull la VIII Ruta de la Tapa amb l&#8217;objectiu de promocionar l&#8217;activitat d&#8217;hostaleria en el municipi"},"content":{"rendered":"<p><span style=\"color: #000000;\">El municipi de Rafal acollir\u00e0 el pr\u00f2xim 14 de setembre la VIII Ruta de la Tapa, que durar\u00e0 fins al dia 16. L&#8217;objectiu d&#8217;aquesta activitat \u00e9s \u201cpromocionar i potenciar l&#8217;hostaleria del municipi amb un esdeveniment que cada any tens m\u00e9s acolliment entre els ve\u00efns i ve\u00efnes\u201d, ha assegurat l&#8217;edil de Comer\u00e7, Yeray Parets. <\/span><\/p>\n<p><span style=\"color: #000000;\">La regidoria ha preparat dues distincions per als guanyadors. Un dels guardons ser\u00e0 per a la tapa de m\u00e9s qualitat i l&#8217;altre premi ser\u00e0 a la tapa m\u00e9s original. Els guanyadors es portaran un diploma. Aquests premis seran atorgats despr\u00e9s de la votaci\u00f3 del jurat, compost per personal corporatiu, aix\u00ed com per membres de l&#8217;associaci\u00f3 de comerciants i empresaris de Rafal, designats per la Junta de Govern. <\/span><\/p>\n<p><span style=\"color: #000000;\">\u201cHem posat a la disposici\u00f3 dels participants un \u2018rutero\u2019, que podr\u00e0 arreplegar-se en els locals i indicar les puntuacions de sol 5 establiments inscrits\u201d, ha explicat Parets i ha afegit que \u201ces comptabilitzaran aquells *ruteros que tinguen els segells com a m\u00ednim del 50% dels establiments\u201d. <\/span><\/p>\n<p><span style=\"color: #000000;\">Les tapes inclouran una beguda i l&#8217;import ser\u00e0 de dos euros i, abans de l&#8217;esdeveniment, es lliurar\u00e0 una urna a cada establiment participant. Aquests lliuraran l&#8217;urna amb les votacions, el 21 de setembre en l&#8217;Ajuntament per a procedir al recompte i escrutini de vots. <\/span><\/p>\n<p><span style=\"color: #000000;\">L&#8217;edil de Comer\u00e7, Yeray Parets, ha animat a tots els ve\u00efns i ve\u00efnes de Rafal i de la comarca al fet que participen en aquesta ruta de la tapa. \u201cVolem que el cap de setmana vinent els carrers s&#8217;\u00f2mpliguen de gent disposada a provar la gastronomia del nostre municipi i a gaudir de la qualitat dels plats\u201d, ha matisat l&#8217;edil.<\/span><\/p>\n","protected":false},"excerpt":{"rendered":"<p>El municipi de Rafal acollir\u00e0 el pr\u00f2xim 14 de setembre la VIII Ruta de la Tapa, que durar\u00e0 fins al dia 16. L&#8217;objectiu d&#8217;aquesta activitat \u00e9s \u201cpromocionar i potenciar l&#8217;hostaleria del municipi amb un esdeveniment que cada any tens m\u00e9s acolliment entre els ve\u00efns i ve\u00efnes\u201d, ha assegurat l&#8217;edil de Comer\u00e7, Yeray Parets. La regidoria [&hellip;]<\/p>\n","protected":false},"author":1,"featured_media":30856,"comment_status":"closed","ping_status":"closed","sticky":false,"template":"","format":"standard","meta":{"pgc_meta":"","_et_pb_use_builder":"","_et_pb_old_content":"","_et_gb_content_width":"","footnotes":""},"categories":[68],"tags":[205,128,206],"aioseo_notices":[],"_links":{"self":[{"href":"https:\/\/www.rafal.es\/ca\/wp-json\/wp\/v2\/posts\/30902"}],"collection":[{"href":"https:\/\/www.rafal.es\/ca\/wp-json\/wp\/v2\/posts"}],"about":[{"href":"https:\/\/www.rafal.es\/ca\/wp-json\/wp\/v2\/types\/post"}],"author":[{"embeddable":true,"href":"https:\/\/www.rafal.es\/ca\/wp-json\/wp\/v2\/users\/1"}],"replies":[{"embeddable":true,"href":"https:\/\/www.rafal.es\/ca\/wp-json\/wp\/v2\/comments?post=30902"}],"version-history":[{"count":0,"href":"https:\/\/www.rafal.es\/ca\/wp-json\/wp\/v2\/posts\/30902\/revisions"}],"wp:featuredmedia":[{"embeddable":true,"href":"https:\/\/www.rafal.es\/ca\/wp-json\/wp\/v2\/media\/30856"}],"wp:attachment":[{"href":"https:\/\/www.rafal.es\/ca\/wp-json\/wp\/v2\/media?parent=30902"}],"wp:term":[{"taxonomy":"category","embeddable":true,"href":"https:\/\/www.rafal.es\/ca\/wp-json\/wp\/v2\/categories?post=30902"},{"taxonomy":"post_tag","embeddable":true,"href":"https:\/\/www.rafal.es\/ca\/wp-json\/wp\/v2\/tags?post=30902"}],"curies":[{"name":"wp","href":"https:\/\/api.w.org\/{rel}","templated":true}]}}