{"id":30955,"date":"2018-09-14T09:00:24","date_gmt":"2018-09-14T07:00:24","guid":{"rendered":"http:\/\/www.rafal.es\/?p=30955"},"modified":"2018-09-13T12:47:00","modified_gmt":"2018-09-13T10:47:00","slug":"la-placa-despanya-sera-escenari-de-la-segona-jornada-intercultural-amb-expositors-de-cinc-continents","status":"publish","type":"post","link":"https:\/\/www.rafal.es\/ca\/la-placa-despanya-sera-escenari-de-la-segona-jornada-intercultural-amb-expositors-de-cinc-continents\/","title":{"rendered":"La Pla\u00e7a d&#8217;Espanya ser\u00e0 escenari de la segona Jornada Intercultural amb expositors de cinc continents"},"content":{"rendered":"<p>La Pla\u00e7a d&#8217;Espanya de Rafal acollir\u00e0 diumenge que ve 16 de setembre la segona Jornada Intercultural en la qual es donaran cita expositors representatius de cinc continents. En la jornada hi haur\u00e0 espais m\u00f2bils de l&#8217;Oficina Pangea, i les organitzacions Amnistia Internacional, Crida contra el Racisme Baix Segura i Vega Baixa Acull.<\/p>\n<p>La Regidora de Benestar Social, Noem\u00ed Cutillas, ha explicat que \u201caquesta trobada t\u00e9 com a objectiu fomentar la conviv\u00e8ncia entre la poblaci\u00f3 i fer visible la forma d&#8217;interactuar i conviure entre la poblaci\u00f3 aut\u00f2ctona i l&#8217;estrangera\u201d. En aquest sentit, la jornada acollir\u00e0 actuacions m\u00fasic-art\u00edstiques com la percussi\u00f3 Djemb\u00e9s, M\u00fasica en directe de LCD Funk Collective, actuacions de danses del m\u00f3n i tribal fusi\u00f3.<\/p>\n<p>A m\u00e9s, es duran a terme jocs del m\u00f3n, origami, i s&#8217;instal\u00b7laran inflables per als m\u00e9s xicotets, perqu\u00e8 els pares i mares puguen visitar i informar-se en els expositors. \u201cVolem que aquesta jornada siga de conviv\u00e8ncia entre tots els ve\u00efns i ve\u00efnes, per a\u00e7\u00f2 hi haur\u00e0 jocs i actuacions per a tots els p\u00fablics\u201d, ha afirmat Cutillas.<\/p>\n<p>La jornada ha rebut una subvenci\u00f3 per part de la Diputaci\u00f3 d&#8217;Alacant, per import de 2.475,65 euros. El programa t\u00e9 com a objectiu fomentar la integraci\u00f3 i participaci\u00f3 dels ciutadans estrangers juntament amb la poblaci\u00f3. \u201cVolem convidar a tots els ve\u00efns i ve\u00efnes tant del municipi com de la comarca al fet que participen i vengen a aquestes jornades interculturals perqu\u00e8 no deixaran indiferent a ning\u00fa\u201d, ha assegurat Cutillas.<\/p>\n","protected":false},"excerpt":{"rendered":"<p>La Pla\u00e7a d&#8217;Espanya de Rafal acollir\u00e0 diumenge que ve 16 de setembre la segona Jornada Intercultural en la qual es donaran cita expositors representatius de cinc continents. En la jornada hi haur\u00e0 espais m\u00f2bils de l&#8217;Oficina Pangea, i les organitzacions Amnistia Internacional, Crida contra el Racisme Baix Segura i Vega Baixa Acull. La Regidora de [&hellip;]<\/p>\n","protected":false},"author":1,"featured_media":30845,"comment_status":"closed","ping_status":"closed","sticky":false,"template":"","format":"standard","meta":{"pgc_meta":"","_et_pb_use_builder":"","_et_pb_old_content":"","_et_gb_content_width":"","footnotes":""},"categories":[71,104],"tags":[],"aioseo_notices":[],"_links":{"self":[{"href":"https:\/\/www.rafal.es\/ca\/wp-json\/wp\/v2\/posts\/30955"}],"collection":[{"href":"https:\/\/www.rafal.es\/ca\/wp-json\/wp\/v2\/posts"}],"about":[{"href":"https:\/\/www.rafal.es\/ca\/wp-json\/wp\/v2\/types\/post"}],"author":[{"embeddable":true,"href":"https:\/\/www.rafal.es\/ca\/wp-json\/wp\/v2\/users\/1"}],"replies":[{"embeddable":true,"href":"https:\/\/www.rafal.es\/ca\/wp-json\/wp\/v2\/comments?post=30955"}],"version-history":[{"count":0,"href":"https:\/\/www.rafal.es\/ca\/wp-json\/wp\/v2\/posts\/30955\/revisions"}],"wp:featuredmedia":[{"embeddable":true,"href":"https:\/\/www.rafal.es\/ca\/wp-json\/wp\/v2\/media\/30845"}],"wp:attachment":[{"href":"https:\/\/www.rafal.es\/ca\/wp-json\/wp\/v2\/media?parent=30955"}],"wp:term":[{"taxonomy":"category","embeddable":true,"href":"https:\/\/www.rafal.es\/ca\/wp-json\/wp\/v2\/categories?post=30955"},{"taxonomy":"post_tag","embeddable":true,"href":"https:\/\/www.rafal.es\/ca\/wp-json\/wp\/v2\/tags?post=30955"}],"curies":[{"name":"wp","href":"https:\/\/api.w.org\/{rel}","templated":true}]}}