{"id":30984,"date":"2018-09-17T10:51:09","date_gmt":"2018-09-17T08:51:09","guid":{"rendered":"http:\/\/www.rafal.es\/?p=30984"},"modified":"2018-09-17T10:51:09","modified_gmt":"2018-09-17T08:51:09","slug":"recollida-llibre-de-festes-rafal","status":"publish","type":"post","link":"https:\/\/www.rafal.es\/ca\/recollida-llibre-de-festes-rafal\/","title":{"rendered":"Recollida Llibre de Festes Rafal"},"content":{"rendered":"<p>Ja est\u00e0 disponible el llibre de festes de Rafal! Un exemplar que com cada any arreplega tots els actes aix\u00ed com les imatges de les vertaderes protagonistes d&#8217;aquesta edici\u00f3 i totes les entitats que fan possible cadascun dels actes que componen aquests festejos en honor a la Verge del Rosario.<\/p>\n<p>Per a la seua recollida pots passar per l&#8217;Ajuntament en horari d&#8217;atenci\u00f3 al p\u00fablic, de 9:00 a 14:00 hores.<\/p>\n<p style=\"text-align: center;\">No et quedes sense el teu i el m\u00e9s important&#8230;a gaudir de les Festes 2018!<\/p>\n","protected":false},"excerpt":{"rendered":"<p>Ja est\u00e0 disponible el llibre de festes de Rafal! Un exemplar que com cada any arreplega tots els actes aix\u00ed com les imatges de les vertaderes protagonistes d&#8217;aquesta edici\u00f3 i totes les entitats que fan possible cadascun dels actes que componen aquests festejos en honor a la Verge del Rosario. Per a la seua recollida [&hellip;]<\/p>\n","protected":false},"author":1,"featured_media":30985,"comment_status":"closed","ping_status":"closed","sticky":false,"template":"","format":"standard","meta":{"pgc_meta":"","_et_pb_use_builder":"","_et_pb_old_content":"","_et_gb_content_width":"","footnotes":""},"categories":[32],"tags":[],"aioseo_notices":[],"_links":{"self":[{"href":"https:\/\/www.rafal.es\/ca\/wp-json\/wp\/v2\/posts\/30984"}],"collection":[{"href":"https:\/\/www.rafal.es\/ca\/wp-json\/wp\/v2\/posts"}],"about":[{"href":"https:\/\/www.rafal.es\/ca\/wp-json\/wp\/v2\/types\/post"}],"author":[{"embeddable":true,"href":"https:\/\/www.rafal.es\/ca\/wp-json\/wp\/v2\/users\/1"}],"replies":[{"embeddable":true,"href":"https:\/\/www.rafal.es\/ca\/wp-json\/wp\/v2\/comments?post=30984"}],"version-history":[{"count":0,"href":"https:\/\/www.rafal.es\/ca\/wp-json\/wp\/v2\/posts\/30984\/revisions"}],"wp:featuredmedia":[{"embeddable":true,"href":"https:\/\/www.rafal.es\/ca\/wp-json\/wp\/v2\/media\/30985"}],"wp:attachment":[{"href":"https:\/\/www.rafal.es\/ca\/wp-json\/wp\/v2\/media?parent=30984"}],"wp:term":[{"taxonomy":"category","embeddable":true,"href":"https:\/\/www.rafal.es\/ca\/wp-json\/wp\/v2\/categories?post=30984"},{"taxonomy":"post_tag","embeddable":true,"href":"https:\/\/www.rafal.es\/ca\/wp-json\/wp\/v2\/tags?post=30984"}],"curies":[{"name":"wp","href":"https:\/\/api.w.org\/{rel}","templated":true}]}}