{"id":31459,"date":"2018-11-03T09:00:41","date_gmt":"2018-11-03T08:00:41","guid":{"rendered":"http:\/\/www.rafal.es\/?p=31459"},"modified":"2018-11-02T11:46:54","modified_gmt":"2018-11-02T10:46:54","slug":"rafal-rep-una-subvencio-de-51-456-euros-per-a-la-contractacio-de-sis-persones-majors-de-30-anys","status":"publish","type":"post","link":"https:\/\/www.rafal.es\/ca\/rafal-rep-una-subvencio-de-51-456-euros-per-a-la-contractacio-de-sis-persones-majors-de-30-anys\/","title":{"rendered":"Rafal rep una subvenci\u00f3 de 51.456 euros per a la contractaci\u00f3 de sis persones majors de 30 anys"},"content":{"rendered":"<div class=\"columnaderecha\"><\/div>\n<div class=\"columnaderecha\">\n<div class=\"columnaizquierda\" style=\"text-align: left;\" align=\"center\">L&#8217;Ajuntament de Rafal contractar\u00e0 a sis persones majors de 30 anys a trav\u00e9s dels programes de Foment d&#8217;Ocupaci\u00f3 del SERVEF: EMCORP i EMCORD. El consistori ha rebut una quantia de 51.456 euros que juntament amb l&#8217;aportaci\u00f3 municipal, permetr\u00e0 seguir amb la reducci\u00f3 de la desocupaci\u00f3 i refor\u00e7ar al seu torn algunes \u00e0rees de treball municipals. En les pr\u00f2ximes setmanes l&#8217;ajuntament sol\u00b7licitar\u00e0 al SERVEF el llistat de desempleats que complisquen els requisits per a iniciar el proc\u00e9s de recepci\u00f3 de candidats i la posterior baremaci\u00f3 per a l&#8217;adjudicaci\u00f3 definitiva.<\/div>\n<div align=\"center\"><\/div>\n<div class=\"columnaizquierda\" style=\"text-align: left;\" align=\"center\">El programa EMCORP, disposat per a la contractaci\u00f3 durant sis mesos d&#8217;aturats majors de 30 anys, ha atorgat un total de 26.392,29 euros. Una quantitat que permetr\u00e0 oferir tres llocs, un d&#8217;escombrariaire, un pe\u00f3 d&#8217;obra de paleta i un pintor. Tots aquells que vulguen optar a aquestes ofertes hauran d&#8217;estar inscrits com a aturats en el SERVEF i sol\u00b7licitar les ocupacions esmentades en el centre SERVEF d&#8217;Oriola. Els empleats realitzaran tasques en les \u00e0rees corresponents als seus llocs, aspecte que permetr\u00e0 escometre amb major agilitat alguns dels projectes del consistori.<\/div>\n<div align=\"center\"><\/div>\n<div class=\"columnaizquierda\" style=\"text-align: left;\" align=\"center\">Dins del programa EMCORD, orientat per a la contractaci\u00f3 durant mig any de persones aturades que hagen sigut objecte d&#8217;un itinerari personalitzat d&#8217;inserci\u00f3 laboral, Rafal ha rebut l&#8217;import de 25.064,46 euros. Amb aquesta subvenci\u00f3 el consistori local oferir\u00e0 tres llocs m\u00e9s, un per a obra de paleta, un per a jardineria i un altre m\u00e9s per a escombrariaire. A m\u00e9s dels requisits nomenats en l&#8217;anterior programa, els interessats a optar a aquests llocs, hauran de justificar la seua inclusi\u00f3 en un itinerari laboral.<\/div>\n<div align=\"center\"><\/div>\n<div class=\"columnaizquierda\" style=\"text-align: left;\" align=\"center\">L&#8217;edil d&#8217;Ocupaci\u00f3, Noem\u00ed Cutillas, s&#8217;ha mostrat molt contenta per l&#8217;assignaci\u00f3 d&#8217;aquesta quantia i ha ressaltat que \u201caquestes ajudes s\u00f3n un impuls per a les persones que porten molt temps aturades, aspecte que encara les fa m\u00e9s importants\u201d. Ha indicat que \u201cfa unes setmanes ja celebr\u00e0vem la inclusi\u00f3 en la plantilla municipal de set joves i ara anem a sumar sis empleats m\u00e9s que sens dubte, ens donen un resultat m\u00e9s que positiu\u201d. Ha puntualitzat a m\u00e9s que, \u201ccom ja he dit en anteriors ocasions l&#8217;ocupaci\u00f3 \u00e9s una prioritat i treballem per a aconseguir subvencions i ajudes vengen d&#8217;on vengen per a reduir l&#8217;\u00edndex de desocupaci\u00f3 en el nostre municipi\u201d.<\/div>\n<\/div>\n","protected":false},"excerpt":{"rendered":"<p>L&#8217;Ajuntament de Rafal contractar\u00e0 a sis persones majors de 30 anys a trav\u00e9s dels programes de Foment d&#8217;Ocupaci\u00f3 del SERVEF: EMCORP i EMCORD. El consistori ha rebut una quantia de 51.456 euros que juntament amb l&#8217;aportaci\u00f3 municipal, permetr\u00e0 seguir amb la reducci\u00f3 de la desocupaci\u00f3 i refor\u00e7ar al seu torn algunes \u00e0rees de treball municipals. [&hellip;]<\/p>\n","protected":false},"author":1,"featured_media":31456,"comment_status":"closed","ping_status":"closed","sticky":false,"template":"","format":"standard","meta":{"pgc_meta":"","_et_pb_use_builder":"","_et_pb_old_content":"","_et_gb_content_width":"","footnotes":""},"categories":[113],"tags":[],"aioseo_notices":[],"_links":{"self":[{"href":"https:\/\/www.rafal.es\/ca\/wp-json\/wp\/v2\/posts\/31459"}],"collection":[{"href":"https:\/\/www.rafal.es\/ca\/wp-json\/wp\/v2\/posts"}],"about":[{"href":"https:\/\/www.rafal.es\/ca\/wp-json\/wp\/v2\/types\/post"}],"author":[{"embeddable":true,"href":"https:\/\/www.rafal.es\/ca\/wp-json\/wp\/v2\/users\/1"}],"replies":[{"embeddable":true,"href":"https:\/\/www.rafal.es\/ca\/wp-json\/wp\/v2\/comments?post=31459"}],"version-history":[{"count":0,"href":"https:\/\/www.rafal.es\/ca\/wp-json\/wp\/v2\/posts\/31459\/revisions"}],"wp:featuredmedia":[{"embeddable":true,"href":"https:\/\/www.rafal.es\/ca\/wp-json\/wp\/v2\/media\/31456"}],"wp:attachment":[{"href":"https:\/\/www.rafal.es\/ca\/wp-json\/wp\/v2\/media?parent=31459"}],"wp:term":[{"taxonomy":"category","embeddable":true,"href":"https:\/\/www.rafal.es\/ca\/wp-json\/wp\/v2\/categories?post=31459"},{"taxonomy":"post_tag","embeddable":true,"href":"https:\/\/www.rafal.es\/ca\/wp-json\/wp\/v2\/tags?post=31459"}],"curies":[{"name":"wp","href":"https:\/\/api.w.org\/{rel}","templated":true}]}}