{"id":31995,"date":"2019-01-19T09:00:07","date_gmt":"2019-01-19T08:00:07","guid":{"rendered":"http:\/\/www.rafal.es\/?p=31995"},"modified":"2019-01-18T12:33:30","modified_gmt":"2019-01-18T11:33:30","slug":"rafal-rep-una-ajuda-de-300-000-euros-per-a-renovar-lenllumenat-public-i-substituir-les-actuals-per-bombetes-de-led","status":"publish","type":"post","link":"https:\/\/www.rafal.es\/ca\/rafal-rep-una-ajuda-de-300-000-euros-per-a-renovar-lenllumenat-public-i-substituir-les-actuals-per-bombetes-de-led\/","title":{"rendered":"Rafal rep una ajuda de 300.000 euros per a renovar l&#8217;enllumenat p\u00fablic i substituir les actuals per bombetes de led"},"content":{"rendered":"<p>Rafal ha rebut una ajuda de 300.000 euros per part de l&#8217;Institut per a la Diversificaci\u00f3 i Estalvi de l&#8217;Energia (IDAE) per a renovar l&#8217;enllumenat p\u00fablic del municipi. El Consistori ha apostat per aquest projecte per a continuar amb el seu comprom\u00eds amb la sostenibilitat i l&#8217;estalvi energ\u00e8tic. Les accions es duran a terme en els pr\u00f2xims mesos i substituiran un alt percentatge de les bombetes del municipi que actualment s\u00f3n de carboni per tipologia led.<\/p>\n<p>L&#8217;Ajuntament va presentar un ampli projecte al Ministeri d&#8217;Ind\u00fastria, Energia i Turisme a trav\u00e9s de l&#8217;Institut de Diversificaci\u00f3 i Estalvi Energ\u00e8tic per a donar a con\u00e9ixer la situaci\u00f3 actual del municipi i plantejar les actuacions de millora per a poder optar a l&#8217;ajuda concedida. Dins d&#8217;aquest estudi es va ressenyar l&#8217;estat de l&#8217;actual llumin\u00e0ria que t\u00e9 una antiguitat de m\u00e9s de vint anys i est\u00e0 formada per balasts de vapor de sodi d&#8217;alta pressi\u00f3 amb pot\u00e8ncies de 100, 150, 250 i 400 watts. Tamb\u00e9 es van ressenyar les manques, aix\u00ed com les incompatibilitats que existeixen amb les noves normatives o les regulacions establides en mat\u00e8ria d&#8217;efici\u00e8ncia energ\u00e8tica.<\/p>\n<p>Les accions se centraran en el centre urb\u00e0 del municipi, el pol\u00edgon industrial, la zona sud-est i la zona de Casas Baratas, en definitiva, un ampli percentatge del municipi que reduir\u00e0 d&#8217;aquesta forma el consum i que permetr\u00e0 estalviar una gran quantitat econ\u00f2mica. A m\u00e9s del canvi de bombetes tamb\u00e9 es dur\u00e0 a terme la renovaci\u00f3 dels quadres de comandament i s&#8217;incorporaran sistemes de control mitjan\u00e7ant rellotges astron\u00f2mics per a poder monitorar els consums i millorar les proteccions de baixa tensi\u00f3.<\/p>\n<p>L&#8217;alcalde del municipi, Manuel Pineda ha explicat que \u201caquesta ajuda que ens ha concedit al municipi caldr\u00e0 retornar-la en un termini de 10 anys sense generar cap mena d&#8217;inter\u00e9s\u201d. Ha indicat que \u201camb l&#8217;estalvi que es dur\u00e0 a terme despr\u00e9s del canvi de la llumin\u00e0ria es pot afrontar el pagament amb total seguretat i sense cap mena de repercussi\u00f3 econ\u00f2mica per al municipi\u201d. Pineda ha insistit a m\u00e9s que \u201camb aquest nou projecte el municipi reafirma el seu comprom\u00eds amb el medi ambient i continua la seua tasca per complir amb els par\u00e0metres de sostenibilitat i efici\u00e8ncia energ\u00e8tica\u201d.<\/p>\n","protected":false},"excerpt":{"rendered":"<p>Rafal ha rebut una ajuda de 300.000 euros per part de l&#8217;Institut per a la Diversificaci\u00f3 i Estalvi de l&#8217;Energia (IDAE) per a renovar l&#8217;enllumenat p\u00fablic del municipi. El Consistori ha apostat per aquest projecte per a continuar amb el seu comprom\u00eds amb la sostenibilitat i l&#8217;estalvi energ\u00e8tic. Les accions es duran a terme en [&hellip;]<\/p>\n","protected":false},"author":1,"featured_media":31992,"comment_status":"closed","ping_status":"closed","sticky":false,"template":"","format":"standard","meta":{"pgc_meta":"","_et_pb_use_builder":"","_et_pb_old_content":"","_et_gb_content_width":"","footnotes":""},"categories":[115,92],"tags":[],"aioseo_notices":[],"_links":{"self":[{"href":"https:\/\/www.rafal.es\/ca\/wp-json\/wp\/v2\/posts\/31995"}],"collection":[{"href":"https:\/\/www.rafal.es\/ca\/wp-json\/wp\/v2\/posts"}],"about":[{"href":"https:\/\/www.rafal.es\/ca\/wp-json\/wp\/v2\/types\/post"}],"author":[{"embeddable":true,"href":"https:\/\/www.rafal.es\/ca\/wp-json\/wp\/v2\/users\/1"}],"replies":[{"embeddable":true,"href":"https:\/\/www.rafal.es\/ca\/wp-json\/wp\/v2\/comments?post=31995"}],"version-history":[{"count":0,"href":"https:\/\/www.rafal.es\/ca\/wp-json\/wp\/v2\/posts\/31995\/revisions"}],"wp:featuredmedia":[{"embeddable":true,"href":"https:\/\/www.rafal.es\/ca\/wp-json\/wp\/v2\/media\/31992"}],"wp:attachment":[{"href":"https:\/\/www.rafal.es\/ca\/wp-json\/wp\/v2\/media?parent=31995"}],"wp:term":[{"taxonomy":"category","embeddable":true,"href":"https:\/\/www.rafal.es\/ca\/wp-json\/wp\/v2\/categories?post=31995"},{"taxonomy":"post_tag","embeddable":true,"href":"https:\/\/www.rafal.es\/ca\/wp-json\/wp\/v2\/tags?post=31995"}],"curies":[{"name":"wp","href":"https:\/\/api.w.org\/{rel}","templated":true}]}}