{"id":32177,"date":"2019-02-27T09:00:39","date_gmt":"2019-02-27T08:00:39","guid":{"rendered":"http:\/\/www.rafal.es\/?p=32177"},"modified":"2019-02-26T11:30:35","modified_gmt":"2019-02-26T10:30:35","slug":"rafal-acull-aquest-cap-de-setmana-el-campionat-regional-de-coloms-esportius-classificatori-per-al-nacional-i-autonomic","status":"publish","type":"post","link":"https:\/\/www.rafal.es\/ca\/rafal-acull-aquest-cap-de-setmana-el-campionat-regional-de-coloms-esportius-classificatori-per-al-nacional-i-autonomic\/","title":{"rendered":"Rafal acull aquest cap de setmana el Campionat Regional de Coloms Esportius classificatori per al nacional i auton\u00f2mic"},"content":{"rendered":"<p>Rafal acull del 2 al 30 de mar\u00e7 el Campionat Regional de Coloms Esportius. Una competici\u00f3 que es prolongar\u00e0 durant huit jornades en la qual es duran a terme set proves puntuables. Dissabte que ve, en la seu del Club de *Colombicultura de Rafal, tindr\u00e0 lloc la presentaci\u00f3 dels 97 coloms participants; despr\u00e9s de la presentaci\u00f3, el dimarts dia 5 es realitzar\u00e0 l&#8217;acoblament, una presa de contacte perqu\u00e8 els \u00e0rbitres coneguen als exemplars que competeixen en aquesta edici\u00f3 regional.<\/p>\n<p>En finalitzar les set proves puntuables, tres coloms es classificaran per a la 68 edici\u00f3 del \u2018Campionat d&#8217;Espanya de Coloms Esportius Copa La seua Majestat el Rei\u2019 i vint-i-dos per al 35 \u2018Campionat de Colmbicultura de la Comunitat Valenciana &#8211; XXV Trofeu President de la Generalitat\u2019, que tindr\u00e0 lloc en la pedania oriolana de Arneva. El lliurament de premis i reconeixements, aix\u00ed com classificacions finals es dur\u00e0 a terme el dissabte 30 de mar\u00e7 a l&#8217;Auditori Municipal de Rafal. Aix\u00ed mateix, el dia abans, divendres 29 de mar\u00e7, tindr\u00e0 lloc un sopar de germanor a les 21.30 hores en el restaurant Charlot, a Benej\u00fazar.<\/p>\n<p>El Club de *Colombicultura de Rafal ha manifestat la import\u00e0ncia d&#8217;acollir aquesta competici\u00f3 a nivell regional i al seu torn ha agra\u00eft al comit\u00e9 organitzador, aix\u00ed com a la Delegaci\u00f3 de Colombicultura d&#8217;Alacant i a la Federaci\u00f3 de Colombicultura de la Comunitat Valenciana per triar al municipi per a portar la competici\u00f3 en aquesta edici\u00f3.<\/p>\n<p>Per part seua, el regidor d&#8217;Esports, Alberto Hidalgo ha felicitat l&#8217;organitzaci\u00f3 i ha destacat \u201cla gran il\u00b7lusi\u00f3 i l&#8217;esfor\u00e7 amb el qual heu preparat l&#8217;activitat, que amb seguretat ser\u00e0 tot un \u00e8xit\u201d. Ha aprofitat l&#8217;ocasi\u00f3 per a \u201cconvidar a afeccionats i visitants a acudir a aquesta cita per a presenciar aquesta modalitat esportiva que Rafal t\u00e9 el gust d&#8217;acollir enguany\u201d.<\/p>\n<p>Rafal ser\u00e0 el dissabte, un lloc clau per a la colombicultura i tots els seus amants, els qui podran posar en valor tot l&#8217;esfor\u00e7 i demostrar tota la preparaci\u00f3 i entrenament que han dut a terme per a preparar-se per a aquest campionat.<\/p>\n","protected":false},"excerpt":{"rendered":"<p>Rafal acull del 2 al 30 de mar\u00e7 el Campionat Regional de Coloms Esportius. Una competici\u00f3 que es prolongar\u00e0 durant huit jornades en la qual es duran a terme set proves puntuables. Dissabte que ve, en la seu del Club de *Colombicultura de Rafal, tindr\u00e0 lloc la presentaci\u00f3 dels 97 coloms participants; despr\u00e9s de la [&hellip;]<\/p>\n","protected":false},"author":1,"featured_media":32128,"comment_status":"closed","ping_status":"closed","sticky":false,"template":"","format":"standard","meta":{"pgc_meta":"","_et_pb_use_builder":"","_et_pb_old_content":"","_et_gb_content_width":"","footnotes":""},"categories":[74],"tags":[],"aioseo_notices":[],"_links":{"self":[{"href":"https:\/\/www.rafal.es\/ca\/wp-json\/wp\/v2\/posts\/32177"}],"collection":[{"href":"https:\/\/www.rafal.es\/ca\/wp-json\/wp\/v2\/posts"}],"about":[{"href":"https:\/\/www.rafal.es\/ca\/wp-json\/wp\/v2\/types\/post"}],"author":[{"embeddable":true,"href":"https:\/\/www.rafal.es\/ca\/wp-json\/wp\/v2\/users\/1"}],"replies":[{"embeddable":true,"href":"https:\/\/www.rafal.es\/ca\/wp-json\/wp\/v2\/comments?post=32177"}],"version-history":[{"count":0,"href":"https:\/\/www.rafal.es\/ca\/wp-json\/wp\/v2\/posts\/32177\/revisions"}],"wp:featuredmedia":[{"embeddable":true,"href":"https:\/\/www.rafal.es\/ca\/wp-json\/wp\/v2\/media\/32128"}],"wp:attachment":[{"href":"https:\/\/www.rafal.es\/ca\/wp-json\/wp\/v2\/media?parent=32177"}],"wp:term":[{"taxonomy":"category","embeddable":true,"href":"https:\/\/www.rafal.es\/ca\/wp-json\/wp\/v2\/categories?post=32177"},{"taxonomy":"post_tag","embeddable":true,"href":"https:\/\/www.rafal.es\/ca\/wp-json\/wp\/v2\/tags?post=32177"}],"curies":[{"name":"wp","href":"https:\/\/api.w.org\/{rel}","templated":true}]}}