{"id":32204,"date":"2019-03-08T13:12:08","date_gmt":"2019-03-08T12:12:08","guid":{"rendered":"http:\/\/www.rafal.es\/?p=32204"},"modified":"2019-03-08T13:12:08","modified_gmt":"2019-03-08T12:12:08","slug":"concentracio-dia-internacional-de-la-dona","status":"publish","type":"post","link":"https:\/\/www.rafal.es\/ca\/concentracio-dia-internacional-de-la-dona\/","title":{"rendered":"Concentraci\u00f3 Dia Internacional de la Dona"},"content":{"rendered":"<p>La Pla\u00e7a d&#8217;Espanya de Rafal ha reunit hui ve\u00efns i ve\u00efnes de Rafal per a commemorar el Dia Internacional de la Dona. L&#8217;encarregada de llegir el manifest ha sigut l&#8217;edil de Serveis Socials, Noem\u00ed Cutillas, qui ha assegurat que s\u00f3n molts els motius per a donar suport a la vaga entre els quals destaquen &#8220;perqu\u00e8 puguem ser lliures, perqu\u00e8 es consideren les viol\u00e8ncies masclistes com una q\u00fcesti\u00f3 que concerneix a tota la societat i es tinguen en compte les seues diferents causes i dimensions&#8221;. L&#8217;edil ha manifestat que &#8220;recolzem la vaga perqu\u00e8 la just\u00edcia ens crea i deixe d&#8217;aplicar una l\u00f2gica patriarcal, per a construir una economia sostenible, justa i solid\u00e0ria i per a defensar el comuna a trav\u00e9s del suport mutu&#8221;.<\/p>\n<p>Cutillas ha reivindicat el paper de la dona en la societat i ha insistit que &#8220;defensem una forma de conviure i el volem fer totes, unides, desenvolupant lla\u00e7os de suport i solidaritat entre totes&#8221;.<\/p>\n","protected":false},"excerpt":{"rendered":"<p>La Pla\u00e7a d&#8217;Espanya de Rafal ha reunit hui ve\u00efns i ve\u00efnes de Rafal per a commemorar el Dia Internacional de la Dona. L&#8217;encarregada de llegir el manifest ha sigut l&#8217;edil de Serveis Socials, Noem\u00ed Cutillas, qui ha assegurat que s\u00f3n molts els motius per a donar suport a la vaga entre els quals destaquen &#8220;perqu\u00e8 [&hellip;]<\/p>\n","protected":false},"author":1,"featured_media":32201,"comment_status":"closed","ping_status":"closed","sticky":false,"template":"","format":"standard","meta":{"pgc_meta":"","_et_pb_use_builder":"","_et_pb_old_content":"","_et_gb_content_width":"","footnotes":""},"categories":[17],"tags":[245],"aioseo_notices":[],"_links":{"self":[{"href":"https:\/\/www.rafal.es\/ca\/wp-json\/wp\/v2\/posts\/32204"}],"collection":[{"href":"https:\/\/www.rafal.es\/ca\/wp-json\/wp\/v2\/posts"}],"about":[{"href":"https:\/\/www.rafal.es\/ca\/wp-json\/wp\/v2\/types\/post"}],"author":[{"embeddable":true,"href":"https:\/\/www.rafal.es\/ca\/wp-json\/wp\/v2\/users\/1"}],"replies":[{"embeddable":true,"href":"https:\/\/www.rafal.es\/ca\/wp-json\/wp\/v2\/comments?post=32204"}],"version-history":[{"count":0,"href":"https:\/\/www.rafal.es\/ca\/wp-json\/wp\/v2\/posts\/32204\/revisions"}],"wp:featuredmedia":[{"embeddable":true,"href":"https:\/\/www.rafal.es\/ca\/wp-json\/wp\/v2\/media\/32201"}],"wp:attachment":[{"href":"https:\/\/www.rafal.es\/ca\/wp-json\/wp\/v2\/media?parent=32204"}],"wp:term":[{"taxonomy":"category","embeddable":true,"href":"https:\/\/www.rafal.es\/ca\/wp-json\/wp\/v2\/categories?post=32204"},{"taxonomy":"post_tag","embeddable":true,"href":"https:\/\/www.rafal.es\/ca\/wp-json\/wp\/v2\/tags?post=32204"}],"curies":[{"name":"wp","href":"https:\/\/api.w.org\/{rel}","templated":true}]}}