{"id":32230,"date":"2019-03-12T16:14:43","date_gmt":"2019-03-12T15:14:43","guid":{"rendered":"http:\/\/www.rafal.es\/?p=32230"},"modified":"2019-03-12T16:14:43","modified_gmt":"2019-03-12T15:14:43","slug":"revisio-cens-electoral","status":"publish","type":"post","link":"https:\/\/www.rafal.es\/ca\/revisio-cens-electoral\/","title":{"rendered":"Revisi\u00f3 Cens Electoral"},"content":{"rendered":"<p>Amb motiu de la convocat\u00f2ria de les Eleccions a Corts Generals i Auton\u00f2miques del 28 d&#8217;abril de 2019, es troben exposades al p\u00fablic en les oficines municipals les llistes del Cens Electoral per a qualsevol tipus de reclamaci\u00f3, des del dia 11 al 18 de mar\u00e7, \u00a0tots dos inclusivament.<\/p>\n<p>Vine a consultar-les, pots modificar qualsevol error que pugues observar.<\/p>\n","protected":false},"excerpt":{"rendered":"<p>Amb motiu de la convocat\u00f2ria de les Eleccions a Corts Generals i Auton\u00f2miques del 28 d&#8217;abril de 2019, es troben exposades al p\u00fablic en les oficines municipals les llistes del Cens Electoral per a qualsevol tipus de reclamaci\u00f3, des del dia 11 al 18 de mar\u00e7, \u00a0tots dos inclusivament. Vine a consultar-les, pots modificar qualsevol [&hellip;]<\/p>\n","protected":false},"author":1,"featured_media":32227,"comment_status":"closed","ping_status":"closed","sticky":false,"template":"","format":"standard","meta":{"pgc_meta":"","_et_pb_use_builder":"","_et_pb_old_content":"","_et_gb_content_width":"","footnotes":""},"categories":[17],"tags":[],"aioseo_notices":[],"_links":{"self":[{"href":"https:\/\/www.rafal.es\/ca\/wp-json\/wp\/v2\/posts\/32230"}],"collection":[{"href":"https:\/\/www.rafal.es\/ca\/wp-json\/wp\/v2\/posts"}],"about":[{"href":"https:\/\/www.rafal.es\/ca\/wp-json\/wp\/v2\/types\/post"}],"author":[{"embeddable":true,"href":"https:\/\/www.rafal.es\/ca\/wp-json\/wp\/v2\/users\/1"}],"replies":[{"embeddable":true,"href":"https:\/\/www.rafal.es\/ca\/wp-json\/wp\/v2\/comments?post=32230"}],"version-history":[{"count":0,"href":"https:\/\/www.rafal.es\/ca\/wp-json\/wp\/v2\/posts\/32230\/revisions"}],"wp:featuredmedia":[{"embeddable":true,"href":"https:\/\/www.rafal.es\/ca\/wp-json\/wp\/v2\/media\/32227"}],"wp:attachment":[{"href":"https:\/\/www.rafal.es\/ca\/wp-json\/wp\/v2\/media?parent=32230"}],"wp:term":[{"taxonomy":"category","embeddable":true,"href":"https:\/\/www.rafal.es\/ca\/wp-json\/wp\/v2\/categories?post=32230"},{"taxonomy":"post_tag","embeddable":true,"href":"https:\/\/www.rafal.es\/ca\/wp-json\/wp\/v2\/tags?post=32230"}],"curies":[{"name":"wp","href":"https:\/\/api.w.org\/{rel}","templated":true}]}}