{"id":32309,"date":"2019-03-18T09:47:12","date_gmt":"2019-03-18T08:47:12","guid":{"rendered":"http:\/\/www.rafal.es\/?p=32309"},"modified":"2019-03-18T09:47:12","modified_gmt":"2019-03-18T08:47:12","slug":"el-municipi-nomena-a-rosario-ruiz-gomez-portadora-de-la-grana-2019-despres-del-sorteig-celebrat-entre-els-veins-empadronats","status":"publish","type":"post","link":"https:\/\/www.rafal.es\/ca\/el-municipi-nomena-a-rosario-ruiz-gomez-portadora-de-la-grana-2019-despres-del-sorteig-celebrat-entre-els-veins-empadronats\/","title":{"rendered":"El municipi nomena a Rosario Ruiz G\u00f3mez Portadora de la Gran\u00e1 2019, despr\u00e9s del sorteig celebrat entre els ve\u00efns empadronats"},"content":{"rendered":"<p>La localitat de Rafal ja coneix a la persona que ser\u00e0 Portadora de la Gran\u00e1 2019. Es tracta de Sra. Rosario Ruiz G\u00f3mez, nascuda en Mudament; \u00e9s filla de Jos\u00e9 Mar\u00eda i Rosario i la major de cinc germans. Casada amb Trinat Murcia Seva t\u00e9 dues filles, Julia i Diana. Despr\u00e9s de situar-se a Rafal, porta m\u00e9s de 25 anys vivint en el municipi, fet que fa que ho senta de forma apassionada. Vinculada al poble de Rafal per la Setmana Santa, pertany a la Confraria de Sant Joan Evangelista, i porta participant en aquesta festivitat cat\u00f2lica des de fa tamb\u00e9 uns 25 anys.<\/p>\n<p><img loading=\"lazy\" decoding=\"async\" class=\"alignnone  wp-image-32306\" src=\"http:\/\/www.rafal.es\/wp-content\/uploads\/2019\/03\/Foto-1.jpg\" alt=\"\" width=\"383\" height=\"287\" srcset=\"https:\/\/www.rafal.es\/wp-content\/uploads\/2019\/03\/Foto-1.jpg 1476w, https:\/\/www.rafal.es\/wp-content\/uploads\/2019\/03\/Foto-1-300x225.jpg 300w, https:\/\/www.rafal.es\/wp-content\/uploads\/2019\/03\/Foto-1-768x576.jpg 768w, https:\/\/www.rafal.es\/wp-content\/uploads\/2019\/03\/Foto-1-1024x768.jpg 1024w, https:\/\/www.rafal.es\/wp-content\/uploads\/2019\/03\/Foto-1-510x382.jpg 510w, https:\/\/www.rafal.es\/wp-content\/uploads\/2019\/03\/Foto-1-1080x810.jpg 1080w\" sizes=\"(max-width: 383px) 100vw, 383px\" \/><\/p>\n<p>La persona encarregada de portar La Gran\u00e1 cada any es tria per atzar, ja que \u00e9s fruit d&#8217;un sorteig celebrat entre tots els empadronats en la localitat. Un curi\u00f3s sorteig que es remunta als anys 90, si b\u00e9 des del 2012 ja \u00e9s oficial la figura del Portador que a poc a poc ha anat agafant import\u00e0ncia en les celebracions rafalenyes de Setmana Santa.<\/p>\n<p>La Gran\u00e1 o Process\u00f3 de la Trobada \u00e9s l&#8217;acte m\u00e9s emblem\u00e0tic de la Setmana Santa rafalenya, se celebra el Diumenge de Resurrecci\u00f3. Des de fa m\u00e9s de mig segle, per a aqueix acte es va construir un arc del qual penja una magrana de cart\u00f3 pedra farcida d&#8217;al\u00b7leluies (*papelillos de colors) i p\u00e8tals de flors. En el moment just de la trobada de la imatge de Jes\u00fas amb la Verge del Rosari el fruit s&#8217;obri; despr\u00e9s d&#8217;uns segons de silenci, que coincideix quan la Verge es col\u00b7loca davall de l&#8217;arc; aqueix \u00e9s el moment en el qual el guanyador del sorteig t\u00e9 l&#8217;honor d&#8217;obrir La Gran\u00e1. \u00c9s llavors quan es produeix una explosi\u00f3 de crits, alegries i de vives juntament amb al\u00b7leluies de ve\u00efns i visitants.<\/p>\n<p>Rosario G\u00f3mez Portador tindr\u00e0 enguany l&#8217;honor d&#8217;obrir La Gran\u00e1 per a goig dels rafalenys. El sal\u00f3 de plens de l&#8217;Ajuntament va acollir en la nit d&#8217;ahir el nomenament oficial, un moment \u00fanic que es va convertir en una explosi\u00f3 d&#8217;emoci\u00f3 que inicia el compte arrere per a viure aquest gran acte del municipi. El trasp\u00e0s del b\u00e0cul ser\u00e0 el 6 d&#8217;abril a l&#8217;Auditori Municipal, durant el concert i preg\u00f3 de la Setmana Santa 2019.<\/p>\n","protected":false},"excerpt":{"rendered":"<p>La localitat de Rafal ja coneix a la persona que ser\u00e0 Portadora de la Gran\u00e1 2019. Es tracta de Sra. Rosario Ruiz G\u00f3mez, nascuda en Mudament; \u00e9s filla de Jos\u00e9 Mar\u00eda i Rosario i la major de cinc germans. Casada amb Trinat Murcia Seva t\u00e9 dues filles, Julia i Diana. Despr\u00e9s de situar-se a Rafal, [&hellip;]<\/p>\n","protected":false},"author":1,"featured_media":32303,"comment_status":"closed","ping_status":"closed","sticky":false,"template":"","format":"standard","meta":{"pgc_meta":"","_et_pb_use_builder":"","_et_pb_old_content":"","_et_gb_content_width":"","footnotes":""},"categories":[32,83],"tags":[],"aioseo_notices":[],"_links":{"self":[{"href":"https:\/\/www.rafal.es\/ca\/wp-json\/wp\/v2\/posts\/32309"}],"collection":[{"href":"https:\/\/www.rafal.es\/ca\/wp-json\/wp\/v2\/posts"}],"about":[{"href":"https:\/\/www.rafal.es\/ca\/wp-json\/wp\/v2\/types\/post"}],"author":[{"embeddable":true,"href":"https:\/\/www.rafal.es\/ca\/wp-json\/wp\/v2\/users\/1"}],"replies":[{"embeddable":true,"href":"https:\/\/www.rafal.es\/ca\/wp-json\/wp\/v2\/comments?post=32309"}],"version-history":[{"count":0,"href":"https:\/\/www.rafal.es\/ca\/wp-json\/wp\/v2\/posts\/32309\/revisions"}],"wp:featuredmedia":[{"embeddable":true,"href":"https:\/\/www.rafal.es\/ca\/wp-json\/wp\/v2\/media\/32303"}],"wp:attachment":[{"href":"https:\/\/www.rafal.es\/ca\/wp-json\/wp\/v2\/media?parent=32309"}],"wp:term":[{"taxonomy":"category","embeddable":true,"href":"https:\/\/www.rafal.es\/ca\/wp-json\/wp\/v2\/categories?post=32309"},{"taxonomy":"post_tag","embeddable":true,"href":"https:\/\/www.rafal.es\/ca\/wp-json\/wp\/v2\/tags?post=32309"}],"curies":[{"name":"wp","href":"https:\/\/api.w.org\/{rel}","templated":true}]}}