{"id":32321,"date":"2019-03-20T17:19:09","date_gmt":"2019-03-20T16:19:09","guid":{"rendered":"http:\/\/www.rafal.es\/?p=32321"},"modified":"2019-03-20T17:21:12","modified_gmt":"2019-03-20T16:21:12","slug":"nova-ordenanca-de-tinenca-danimals-de-companyia","status":"publish","type":"post","link":"https:\/\/www.rafal.es\/ca\/nova-ordenanca-de-tinenca-danimals-de-companyia\/","title":{"rendered":"Nova Ordenan\u00e7a de Tinen\u00e7a d&#8217;Animals de Companyia"},"content":{"rendered":"<p>Si vols con\u00e9ixer la nova Ordenan\u00e7a de Tinen\u00e7a d&#8217;Animals de Companyia consulta aquest\u00a0<a href=\"http:\/\/www.rafal.es\/wp-content\/uploads\/2019\/03\/Publicacio\u0301n-anuncio-ordenanza-tenencia-animales-de-compan\u0303i\u0301a.pdf\">document.<\/a><\/p>\n","protected":false},"excerpt":{"rendered":"<p>Si vols con\u00e9ixer la nova Ordenan\u00e7a de Tinen\u00e7a d&#8217;Animals de Companyia consulta aquest\u00a0document.<\/p>\n","protected":false},"author":1,"featured_media":32318,"comment_status":"closed","ping_status":"closed","sticky":false,"template":"","format":"standard","meta":{"pgc_meta":"","_et_pb_use_builder":"","_et_pb_old_content":"","_et_gb_content_width":"","footnotes":""},"categories":[17],"tags":[],"aioseo_notices":[],"_links":{"self":[{"href":"https:\/\/www.rafal.es\/ca\/wp-json\/wp\/v2\/posts\/32321"}],"collection":[{"href":"https:\/\/www.rafal.es\/ca\/wp-json\/wp\/v2\/posts"}],"about":[{"href":"https:\/\/www.rafal.es\/ca\/wp-json\/wp\/v2\/types\/post"}],"author":[{"embeddable":true,"href":"https:\/\/www.rafal.es\/ca\/wp-json\/wp\/v2\/users\/1"}],"replies":[{"embeddable":true,"href":"https:\/\/www.rafal.es\/ca\/wp-json\/wp\/v2\/comments?post=32321"}],"version-history":[{"count":0,"href":"https:\/\/www.rafal.es\/ca\/wp-json\/wp\/v2\/posts\/32321\/revisions"}],"wp:featuredmedia":[{"embeddable":true,"href":"https:\/\/www.rafal.es\/ca\/wp-json\/wp\/v2\/media\/32318"}],"wp:attachment":[{"href":"https:\/\/www.rafal.es\/ca\/wp-json\/wp\/v2\/media?parent=32321"}],"wp:term":[{"taxonomy":"category","embeddable":true,"href":"https:\/\/www.rafal.es\/ca\/wp-json\/wp\/v2\/categories?post=32321"},{"taxonomy":"post_tag","embeddable":true,"href":"https:\/\/www.rafal.es\/ca\/wp-json\/wp\/v2\/tags?post=32321"}],"curies":[{"name":"wp","href":"https:\/\/api.w.org\/{rel}","templated":true}]}}