{"id":32497,"date":"2019-04-08T12:20:11","date_gmt":"2019-04-08T10:20:11","guid":{"rendered":"http:\/\/www.rafal.es\/rafal-acull-aquest-cap-de-setmana-el-campionat-de-fisicoculturismo-i-fitness-bigman-classic-regional\/"},"modified":"2019-04-08T12:20:11","modified_gmt":"2019-04-08T10:20:11","slug":"rafal-acull-aquest-cap-de-setmana-el-campionat-de-fisicoculturismo-i-fitness-bigman-classic-regional","status":"publish","type":"post","link":"https:\/\/www.rafal.es\/ca\/rafal-acull-aquest-cap-de-setmana-el-campionat-de-fisicoculturismo-i-fitness-bigman-classic-regional\/","title":{"rendered":"Rafal acull aquest cap de setmana el campionat de fisicoculturismo i fitness Bigman Classic Regional"},"content":{"rendered":"<div class=\"cos\">\n<div class=\"bloques\">\n<div class=\"columnaderecha\">\n<h1 id=\"response\"><strong><span style=\"color: #000000;\">La competici\u00f3 t\u00e9 car\u00e0cter nacional i els classificats podran competir a un altre nivell una vegada superada aquesta prova que s&#8217;espera siga un \u00e8xit<\/span><\/strong><\/h1>\n<div class=\"cos\">\n<div class=\"bloques\">\n<div class=\"columnaderecha\">\n<div id=\"response\">La localitat de Rafal acollir\u00e0 dissabte que ve 13 i doming 14 d&#8217;abril a l&#8217;auditori municipal el campionat de fisicoculturismo i fitness Bigman Classic Regional. Un esdeveniment considerat com una de les cites amateur m\u00e9s importants del calendari del culturismo, pel seu alt contingut en competici\u00f3 i qualitat. La cita reuneix atletes nacionals del m\u00e9s alt nivell en la seua categoria, sent aquesta classificat\u00f2ria per a Big Man Weekend que se celebrar\u00e0 en les dues seg\u00fcents setmanes a la ciutat de Benidorm, sent l&#8217;\u00fanica competici\u00f3 professional en territori nacional, totes dues oficials de la IFBB Professional League i Official Mr. Olympia Qualifier.<\/div>\n<div><\/div>\n<\/div>\n<\/div>\n<\/div>\n<\/div>\n<\/div>\n<\/div>\n<div>\n<div class=\"cos\">\n<div class=\"bloques\">\n<div class=\"columnaderecha\">\n<div id=\"response\">L&#8217;organitzador de l&#8217;esdeveniment, Juan Carlos Beltr\u00e1n, ha explicat que \u201caquest projecte va eixir l&#8217;any passat en un campionat de car\u00e0cter internacional i va tindre un gran \u00e8xit\u201d. En concret, el campionat que se celebra a Rafal \u00e9s de car\u00e0cter nacional i classificatori per a competir a nivell internacional, ja que la normativa a canviat i els atletes han de passar s\u00ed o s\u00ed per un campionat nacional abans de competir a un altre nivell.<\/div>\n<\/div>\n<\/div>\n<\/div>\n<\/div>\n<div><\/div>\n<div>\n<div class=\"cos\">\n<div class=\"bloques\">\n<div class=\"columnaderecha\">\n<div id=\"response\">Aix\u00ed mateix Beltr\u00e1n ha assegurat que \u201cla qualitat del campionat estic segur que ser\u00e0 de gran nivell i poden haver-hi entorn de 100 competidors inscrits a nivell nacional\u201d. L&#8217;esdeveniment comen\u00e7ar\u00e0 a les 10.00 del mat\u00ed i la final a la vesprada. A m\u00e9s hauran algunes activitats fora del recinte, en la Pla\u00e7a d&#8217;Espanya, i les exhibicions es reservaran per a la part final.<\/div>\n<\/div>\n<\/div>\n<\/div>\n<\/div>\n<div><\/div>\n<div>\n<div class=\"cos\">\n<div class=\"bloques\">\n<div class=\"columnaderecha\">\n<div id=\"response\">Des de l&#8217;Ajuntament i els organitzadors d&#8217;aquest esdeveniment animen a tots els amants del culturismo a acudir a aquesta cita que no deixar\u00e0 indiferent a ning\u00fa.<\/div>\n<\/div>\n<\/div>\n<\/div>\n<\/div>\n<div><\/div>\n<div>\n<div class=\"cos\">\n<div class=\"bloques\">\n<div class=\"columnaderecha\">\n<div id=\"response\">Tota la informaci\u00f3 del campionat es pot consultar en la web: https:\/\/bigmanweekend.com<\/div>\n<\/div>\n<\/div>\n<\/div>\n<\/div>\n","protected":false},"excerpt":{"rendered":"<p>La competici\u00f3 t\u00e9 car\u00e0cter nacional i els classificats podran competir a un altre nivell una vegada superada aquesta prova que s&#8217;espera siga un \u00e8xit La localitat de Rafal acollir\u00e0 dissabte que ve 13 i doming 14 d&#8217;abril a l&#8217;auditori municipal el campionat de fisicoculturismo i fitness Bigman Classic Regional. Un esdeveniment considerat com una de [&hellip;]<\/p>\n","protected":false},"author":1,"featured_media":32494,"comment_status":"closed","ping_status":"closed","sticky":false,"template":"","format":"standard","meta":{"pgc_meta":"","_et_pb_use_builder":"","_et_pb_old_content":"","_et_gb_content_width":"","footnotes":""},"categories":[27,74],"tags":[271,268,270,269,267],"aioseo_notices":[],"_links":{"self":[{"href":"https:\/\/www.rafal.es\/ca\/wp-json\/wp\/v2\/posts\/32497"}],"collection":[{"href":"https:\/\/www.rafal.es\/ca\/wp-json\/wp\/v2\/posts"}],"about":[{"href":"https:\/\/www.rafal.es\/ca\/wp-json\/wp\/v2\/types\/post"}],"author":[{"embeddable":true,"href":"https:\/\/www.rafal.es\/ca\/wp-json\/wp\/v2\/users\/1"}],"replies":[{"embeddable":true,"href":"https:\/\/www.rafal.es\/ca\/wp-json\/wp\/v2\/comments?post=32497"}],"version-history":[{"count":0,"href":"https:\/\/www.rafal.es\/ca\/wp-json\/wp\/v2\/posts\/32497\/revisions"}],"wp:featuredmedia":[{"embeddable":true,"href":"https:\/\/www.rafal.es\/ca\/wp-json\/wp\/v2\/media\/32494"}],"wp:attachment":[{"href":"https:\/\/www.rafal.es\/ca\/wp-json\/wp\/v2\/media?parent=32497"}],"wp:term":[{"taxonomy":"category","embeddable":true,"href":"https:\/\/www.rafal.es\/ca\/wp-json\/wp\/v2\/categories?post=32497"},{"taxonomy":"post_tag","embeddable":true,"href":"https:\/\/www.rafal.es\/ca\/wp-json\/wp\/v2\/tags?post=32497"}],"curies":[{"name":"wp","href":"https:\/\/api.w.org\/{rel}","templated":true}]}}