{"id":32124,"date":"2019-02-20T09:00:48","date_gmt":"2019-02-20T08:00:48","guid":{"rendered":"http:\/\/www.rafal.es\/?p=32124"},"modified":"2019-02-19T11:24:49","modified_gmt":"2019-02-19T10:24:49","slug":"the-second-gala-pride-of-rafal-awards-the-most-outstanding-raphaelians-and-raphaelites-during-the-year-2018","status":"publish","type":"post","link":"https:\/\/www.rafal.es\/en\/the-second-gala-pride-of-rafal-awards-the-most-outstanding-raphaelians-and-raphaelites-during-the-year-2018\/","title":{"rendered":"The second Gala &#8216;Pride of Rafal&#8217; awards the most outstanding Raphaelians and Raphaelites during the year 2018"},"content":{"rendered":"<p>Last weekend the second edition of the &#8216;Pride of Rafal&#8217; gala took place. A contest that aims to recognize the work of the most outstanding Rafale\u00f1os and Raphaelians of the last year and who have taken the name of the municipality beyond their borders. The Musical Art Municipal Auditorium was the place chosen to celebrate this emotional event that, after its premiere the previous year, has already established itself as an important event in the municipality&#8217;s calendar of events. This was stated by the mayor of Culture, Yolanda Leal, who was proud to have been able to carry out this second edition. He stressed that &#8220;also from the Consistory opened a process for the receipt of nominations to be the neighbors themselves who propose to the winners and thus participate in this event to the entire population.&#8221;<\/p>\n<p>In the field of sports, a total of nine awards were awarded to Rafal athletes who have excelled in some discipline. The prizes were awarded to Mar\u00eda Mart\u00ednez Cutillas, for her second place in the Spanish Weightlifting Masters 69 kilos; Javier Rufete Lloret, for his career as a trail runner in 2018; Francisco Gri\u00f1\u00e1n Vidal, bronze medal in the Spanish Ornithology Championship 2018 and Francisco G\u00f3mez Barber\u00e1, Antonio M. G\u00f3mez Rufete, J. Angel G\u00f3mez Rufete, Antonio Sola Escarabajal and J. Antonio Sola Rufete, from the &#8216;Entresierras&#8217; for being Champions of Spain by communities 2018 with the pigeon &#8220;Lack of Love&#8221;. The Pre Benjam\u00edn and Benjam\u00edn teams of 2nd year 2017-2018 were also recognized for having been Provincial League Champions in their categories last year.<\/p>\n<p><img loading=\"lazy\" decoding=\"async\" class=\"alignnone size-full wp-image-32120\" src=\"http:\/\/www.rafal.es\/wp-content\/uploads\/2019\/02\/007-Foto-2.jpg\" alt=\"\" width=\"1181\" height=\"345\" srcset=\"https:\/\/www.rafal.es\/wp-content\/uploads\/2019\/02\/007-Foto-2.jpg 1181w, https:\/\/www.rafal.es\/wp-content\/uploads\/2019\/02\/007-Foto-2-300x88.jpg 300w, https:\/\/www.rafal.es\/wp-content\/uploads\/2019\/02\/007-Foto-2-768x224.jpg 768w, https:\/\/www.rafal.es\/wp-content\/uploads\/2019\/02\/007-Foto-2-1024x299.jpg 1024w, https:\/\/www.rafal.es\/wp-content\/uploads\/2019\/02\/007-Foto-2-1080x315.jpg 1080w\" sizes=\"(max-width: 1181px) 100vw, 1181px\" \/><\/p>\n<p>In the section of academic excellence, the awards were given to Carla Burgue\u00f1o Ferr\u00e1ndez, award for academic excellence in 6th grade; Isabel Ros G\u00f3mez, extraordinary prize of the ESO; Candela Mellado Navarro, award for academic excellence in 6th grade; Victoria Garc\u00eda Arauz, high school honors; Laura Navarro Huertas, prize for academic excellence in 6th grade of Primary; Eva Garc\u00eda Mart\u00ednez, honor degree in high school and Sof\u00eda Hern\u00e1ndez Zaragoza, honors in high school. In the cultural and associations field, distinctions were awarded to the musicians Noe G\u00f3mez Barber\u00e1, first prize in the XIX County Competition of Interpretation and Javier Rufete Clemente, third place in the Regional Contest of Interpretation; The Animal Rafal Association for Animal Law (AARDA), the Women&#8217;s Association of Rafal and the organization of Rafal en Corto also received their award in this category.<\/p>\n<p>In their faces you could see the emotion and pride of Rafal to collect each of the recognitions of this edition. Leal has indicated that &#8220;there are many people from Rafal who have been recognized outside and we do not want them to stop being in our town, that is why we will continue to highlight the work that each of them does&#8221;.<\/p>\n","protected":false},"excerpt":{"rendered":"<p>Last weekend the second edition of the &#8216;Pride of Rafal&#8217; gala took place. A contest that aims to recognize the work of the most outstanding Rafale\u00f1os and Raphaelians of the last year and who have taken the name of the municipality beyond their borders. The Musical Art Municipal Auditorium was the place chosen to celebrate [&hellip;]<\/p>\n","protected":false},"author":1,"featured_media":32117,"comment_status":"closed","ping_status":"closed","sticky":false,"template":"","format":"standard","meta":{"pgc_meta":"","_et_pb_use_builder":"","_et_pb_old_content":"","_et_gb_content_width":"","footnotes":""},"categories":[72,18],"tags":[],"aioseo_notices":[],"_links":{"self":[{"href":"https:\/\/www.rafal.es\/en\/wp-json\/wp\/v2\/posts\/32124"}],"collection":[{"href":"https:\/\/www.rafal.es\/en\/wp-json\/wp\/v2\/posts"}],"about":[{"href":"https:\/\/www.rafal.es\/en\/wp-json\/wp\/v2\/types\/post"}],"author":[{"embeddable":true,"href":"https:\/\/www.rafal.es\/en\/wp-json\/wp\/v2\/users\/1"}],"replies":[{"embeddable":true,"href":"https:\/\/www.rafal.es\/en\/wp-json\/wp\/v2\/comments?post=32124"}],"version-history":[{"count":0,"href":"https:\/\/www.rafal.es\/en\/wp-json\/wp\/v2\/posts\/32124\/revisions"}],"wp:featuredmedia":[{"embeddable":true,"href":"https:\/\/www.rafal.es\/en\/wp-json\/wp\/v2\/media\/32117"}],"wp:attachment":[{"href":"https:\/\/www.rafal.es\/en\/wp-json\/wp\/v2\/media?parent=32124"}],"wp:term":[{"taxonomy":"category","embeddable":true,"href":"https:\/\/www.rafal.es\/en\/wp-json\/wp\/v2\/categories?post=32124"},{"taxonomy":"post_tag","embeddable":true,"href":"https:\/\/www.rafal.es\/en\/wp-json\/wp\/v2\/tags?post=32124"}],"curies":[{"name":"wp","href":"https:\/\/api.w.org\/{rel}","templated":true}]}}